{"id":2721,"date":"2026-04-23T17:00:00","date_gmt":"2026-04-23T15:00:00","guid":{"rendered":"https:\/\/ecla.com.pl\/blog\/?p=2721"},"modified":"2026-04-24T09:48:56","modified_gmt":"2026-04-24T07:48:56","slug":"prezent-na-dzien-mamy-perla-i-turmalin","status":"publish","type":"post","link":"https:\/\/ecla.com.pl\/blog\/prezent-na-dzien-mamy-perla-i-turmalin.html","title":{"rendered":"<strong>Per\u0142y dla klasy, turmalin dla ochrony \u2013 idealny duet w prezencie na Dzie\u0144 Mamy<\/strong>"},"content":{"rendered":"\n<p><strong><a href=\"https:\/\/ecla.com.pl\/170-dla-mamy?kamien=awenturyn,cytryn,granat,hematyt,kamien-sloneczny,krysztal-gorski,kunzyt,morganit,opal,perla,turmalin&amp;order=product.date_add.desc\">Bi\u017cuteria na Dzie\u0144 Mamy z kamieni naturalnych<\/a><\/strong> to co\u015b wi\u0119cej ni\u017c klasyczny upominek. To symbol emocji, wdzi\u0119czno\u015bci i troski. Coraz cz\u0119\u015bciej wybierane s\u0105 <strong><a href=\"https:\/\/ecla.com.pl\/187-kamienie-naturalne?kamien=perla&amp;order=product.date_add.desc\">per\u0142y naturalne<\/a><\/strong> oraz <strong><a href=\"https:\/\/ecla.com.pl\/187-kamienie-naturalne?kamien=turmalin&amp;order=product.date_add.desc\">turmalin<\/a><\/strong>, kt\u00f3re razem tworz\u0105 wyj\u0105tkowy duet \u2014 elegancki, ponadczasowy i jednocze\u015bnie pe\u0142en znaczenia. Je\u015bli szukasz pomys\u0142u na <strong><a href=\"https:\/\/ecla.com.pl\/170-dla-mamy?kamien=awenturyn,cytryn,granat,hematyt,kamien-sloneczny,krysztal-gorski,kunzyt,morganit,opal,perla,turmalin&amp;order=product.date_add.desc\">prezent na Dzie\u0144 Mamy bi\u017cuteria<\/a><\/strong>, po\u0142\u0105czenie tych dw\u00f3ch kamieni to wyb\u00f3r, kt\u00f3ry \u0142\u0105czy styl i symbolik\u0119.<\/p>\n\n\n\n<p><strong><a href=\"https:\/\/ecla.com.pl\/2862-960-bransoletka-srebrna-zlocona-z-turmalinem-na-dzien-mamy-perla.html\">Bransoletka z per\u0142\u0105 i turmalinem<\/a><\/strong> oraz <strong><a href=\"https:\/\/ecla.com.pl\/2867-kolczyki-srebrne-zlocone-z-turmalinem-na-dzien-mamy-perla.html\">kolczyki z per\u0142\u0105 i turmalinem<\/a><\/strong> to propozycja dla kobiet, kt\u00f3re ceni\u0105 subtelno\u015b\u0107, ale r\u00f3wnie\u017c \u015bwiadomy wyb\u00f3r bi\u017cuterii. To idealny zestaw, kt\u00f3ry podkre\u015bla kobieco\u015b\u0107 i jednocze\u015bnie niesie ze sob\u0105 znaczenie ochrony i spokoju.<\/p>\n\n\n\n<hr class=\"wp-block-separator\"\/>\n\n\n\n<div id=\"ez-toc-container\" class=\"ez-toc-v2_0_81 counter-hierarchy ez-toc-counter ez-toc-grey ez-toc-container-direction\">\n<div class=\"ez-toc-title-container\">\n<p class=\"ez-toc-title\" style=\"cursor:inherit\">Spis tre\u015bci<\/p>\n<span class=\"ez-toc-title-toggle\"><a href=\"#\" class=\"ez-toc-pull-right ez-toc-btn ez-toc-btn-xs ez-toc-btn-default ez-toc-toggle\" aria-label=\"Toggle Table of Content\"><span class=\"ez-toc-js-icon-con\"><span class=\"\"><span class=\"eztoc-hide\" style=\"display:none;\">Toggle<\/span><span class=\"ez-toc-icon-toggle-span\"><svg style=\"fill: #999;color:#999\" xmlns=\"http:\/\/www.w3.org\/2000\/svg\" class=\"list-377408\" width=\"20px\" height=\"20px\" viewBox=\"0 0 24 24\" fill=\"none\"><path d=\"M6 6H4v2h2V6zm14 0H8v2h12V6zM4 11h2v2H4v-2zm16 0H8v2h12v-2zM4 16h2v2H4v-2zm16 0H8v2h12v-2z\" fill=\"currentColor\"><\/path><\/svg><svg style=\"fill: #999;color:#999\" class=\"arrow-unsorted-368013\" xmlns=\"http:\/\/www.w3.org\/2000\/svg\" width=\"10px\" height=\"10px\" viewBox=\"0 0 24 24\" version=\"1.2\" baseProfile=\"tiny\"><path d=\"M18.2 9.3l-6.2-6.3-6.2 6.3c-.2.2-.3.4-.3.7s.1.5.3.7c.2.2.4.3.7.3h11c.3 0 .5-.1.7-.3.2-.2.3-.5.3-.7s-.1-.5-.3-.7zM5.8 14.7l6.2 6.3 6.2-6.3c.2-.2.3-.5.3-.7s-.1-.5-.3-.7c-.2-.2-.4-.3-.7-.3h-11c-.3 0-.5.1-.7.3-.2.2-.3.5-.3.7s.1.5.3.7z\"\/><\/svg><\/span><\/span><\/span><\/a><\/span><\/div>\n<nav><ul class='ez-toc-list ez-toc-list-level-1 ' ><li class='ez-toc-page-1 ez-toc-heading-level-2'><a class=\"ez-toc-link ez-toc-heading-1\" href=\"https:\/\/ecla.com.pl\/blog\/prezent-na-dzien-mamy-perla-i-turmalin.html\/#Dlaczego_perly_i_turmalin_to_idealne_polaczenie_na_prezent_dla_mamy\" >Dlaczego per\u0142y i turmalin to idealne po\u0142\u0105czenie na prezent dla mamy?<\/a><\/li><li class='ez-toc-page-1 ez-toc-heading-level-2'><a class=\"ez-toc-link ez-toc-heading-2\" href=\"https:\/\/ecla.com.pl\/blog\/prezent-na-dzien-mamy-perla-i-turmalin.html\/#Bransoletka_z_turmalinem_i_perla_%E2%80%93_subtelna_ochrona_i_elegancja\" >Bransoletka z turmalinem i per\u0142\u0105 \u2013 subtelna ochrona i elegancja<\/a><\/li><li class='ez-toc-page-1 ez-toc-heading-level-2'><a class=\"ez-toc-link ez-toc-heading-3\" href=\"https:\/\/ecla.com.pl\/blog\/prezent-na-dzien-mamy-perla-i-turmalin.html\/#Kolczyki_z_turmalinem_i_perla_%E2%80%93_elegancja_z_nuta_ochrony\" >Kolczyki z turmalinem i per\u0142\u0105 \u2013 elegancja z nut\u0105 ochrony<\/a><\/li><li class='ez-toc-page-1 ez-toc-heading-level-2'><a class=\"ez-toc-link ez-toc-heading-4\" href=\"https:\/\/ecla.com.pl\/blog\/prezent-na-dzien-mamy-perla-i-turmalin.html\/#Bizuteria_na_Dzien_Mamy_%E2%80%93_wiecej_niz_prezent\" >Bi\u017cuteria na Dzie\u0144 Mamy \u2013 wi\u0119cej ni\u017c prezent<\/a><\/li><li class='ez-toc-page-1 ez-toc-heading-level-2'><a class=\"ez-toc-link ez-toc-heading-5\" href=\"https:\/\/ecla.com.pl\/blog\/prezent-na-dzien-mamy-perla-i-turmalin.html\/#Jak_wybrac_idealna_bizuterie_na_Dzien_Mamy\" >Jak wybra\u0107 idealn\u0105 bi\u017cuteri\u0119 na Dzie\u0144 Mamy?<\/a><\/li><li class='ez-toc-page-1 ez-toc-heading-level-2'><a class=\"ez-toc-link ez-toc-heading-6\" href=\"https:\/\/ecla.com.pl\/blog\/prezent-na-dzien-mamy-perla-i-turmalin.html\/#FAQ_%E2%80%93_najczestsze_pytania\" >FAQ \u2013 najcz\u0119stsze pytania<\/a><\/li><li class='ez-toc-page-1 ez-toc-heading-level-2'><a class=\"ez-toc-link ez-toc-heading-7\" href=\"https:\/\/ecla.com.pl\/blog\/prezent-na-dzien-mamy-perla-i-turmalin.html\/#Podsumowanie\" >Podsumowanie<\/a><\/li><\/ul><\/nav><\/div>\n<h2><span class=\"ez-toc-section\" id=\"Dlaczego_perly_i_turmalin_to_idealne_polaczenie_na_prezent_dla_mamy\"><\/span><strong>Dlaczego per\u0142y i turmalin to idealne po\u0142\u0105czenie na prezent dla mamy?<\/strong><span class=\"ez-toc-section-end\"><\/span><\/h2>\n\n\n\n<p><strong><a href=\"https:\/\/ecla.com.pl\/187-kamienie-naturalne?kamien=perla&amp;order=product.date_add.desc\">Per\u0142y naturalne<\/a><\/strong> od wiek\u00f3w kojarzone s\u0105 z klas\u0105, delikatno\u015bci\u0105 i kobiec\u0105 energi\u0105. To symbol spokoju, harmonii i dojrza\u0142ego pi\u0119kna. Z kolei <strong><a href=\"https:\/\/ecla.com.pl\/187-kamienie-naturalne?kamien=turmalin&amp;order=product.date_add.desc\">turmalin<\/a><\/strong>, szczeg\u00f3lnie czarny, uznawany jest za jeden z najsilniejszych kamieni ochronnych.<\/p>\n\n\n\n<p>Po\u0142\u0105czenie tych dw\u00f3ch element\u00f3w w<a href=\"https:\/\/ecla.com.pl\/170-dla-mamy?kamien=awenturyn,cytryn,granat,hematyt,kamien-sloneczny,krysztal-gorski,kunzyt,morganit,opal,perla,turmalin&amp;order=product.date_add.desc\"> <strong>bi\u017cuterii z kamieni naturalnych na Dzie\u0144 Mamy<\/strong><\/a> sprawia, \u017ce prezent nabiera g\u0142\u0119bszego sensu:<\/p>\n\n\n\n<ul><li><a href=\"https:\/\/ecla.com.pl\/187-kamienie-naturalne?kamien=perla&amp;order=product.date_add.desc\">per\u0142a<\/a> \u2013 symbol mi\u0142o\u015bci, troski i kobieco\u015bci,<\/li><li><a href=\"https:\/\/ecla.com.pl\/187-kamienie-naturalne?kamien=turmalin&amp;order=product.date_add.desc\">turmalin<\/a> \u2013 symbol ochrony i bezpiecze\u0144stwa,<\/li><li>razem \u2013 r\u00f3wnowaga emocji i si\u0142y.<\/li><\/ul>\n\n\n\n<p>Dlatego w\u0142a\u015bnie <strong><a href=\"https:\/\/ecla.com.pl\/170-dla-mamy?kamien=turmalin&amp;order=product.date_add.desc\">bi\u017cuteria z per\u0142ami i turmalinem<\/a><\/strong> jest tak wyj\u0105tkowym wyborem na prezent dla mamy.<\/p>\n\n\n\n<hr class=\"wp-block-separator\"\/>\n\n\n\n<h2><span class=\"ez-toc-section\" id=\"Bransoletka_z_turmalinem_i_perla_%E2%80%93_subtelna_ochrona_i_elegancja\"><\/span><strong><a href=\"https:\/\/ecla.com.pl\/2862-960-bransoletka-srebrna-zlocona-z-turmalinem-na-dzien-mamy-perla.html\">Bransoletka z turmalinem i per\u0142\u0105 \u2013 subtelna ochrona i elegancja<\/a><\/strong><span class=\"ez-toc-section-end\"><\/span><\/h2>\n\n\n\n<figure class=\"wp-block-image size-full is-resized\"><a href=\"https:\/\/ecla.com.pl\/2862-960-bransoletka-srebrna-zlocona-z-turmalinem-na-dzien-mamy-perla.html\"><img loading=\"lazy\" src=\"https:\/\/ecla.com.pl\/blog\/wp-content\/uploads\/2026\/04\/bransoletka-srebrna-zlocona-z-turmalinem-na-dzien-mamy-perla-1.jpg\" alt=\"\" class=\"wp-image-2725\" width=\"800\" height=\"800\" srcset=\"https:\/\/ecla.com.pl\/blog\/wp-content\/uploads\/2026\/04\/bransoletka-srebrna-zlocona-z-turmalinem-na-dzien-mamy-perla-1.jpg 800w, https:\/\/ecla.com.pl\/blog\/wp-content\/uploads\/2026\/04\/bransoletka-srebrna-zlocona-z-turmalinem-na-dzien-mamy-perla-1-300x300.jpg 300w, https:\/\/ecla.com.pl\/blog\/wp-content\/uploads\/2026\/04\/bransoletka-srebrna-zlocona-z-turmalinem-na-dzien-mamy-perla-1-150x150.jpg 150w, https:\/\/ecla.com.pl\/blog\/wp-content\/uploads\/2026\/04\/bransoletka-srebrna-zlocona-z-turmalinem-na-dzien-mamy-perla-1-768x768.jpg 768w, https:\/\/ecla.com.pl\/blog\/wp-content\/uploads\/2026\/04\/bransoletka-srebrna-zlocona-z-turmalinem-na-dzien-mamy-perla-1-75x75.jpg 75w\" sizes=\"(max-width: 800px) 100vw, 800px\" \/><\/a><figcaption><a href=\"https:\/\/ecla.com.pl\/2862-960-bransoletka-srebrna-zlocona-z-turmalinem-na-dzien-mamy-perla.html\">Bransoletka srebrna 925 z\u0142ocona z turmalinem na Dzie\u0144 Mamy Perla<\/a><\/figcaption><\/figure>\n\n\n\n<p>Delikatna <strong><a href=\"https:\/\/ecla.com.pl\/2862-960-bransoletka-srebrna-zlocona-z-turmalinem-na-dzien-mamy-perla.html\">bransoletka z per\u0142\u0105 i turmalinem na Dzie\u0144 Mamy<\/a><\/strong>, kt\u00f3ra \u0142\u0105czy klasyk\u0119 z nowoczesnym minimalizmem. Per\u0142a naturalna nadaje jej elegancji i lekko\u015bci, natomiast turmalin wprowadza element ochrony i stabilno\u015bci emocjonalnej.<\/p>\n\n\n\n<figure class=\"wp-block-image size-full\"><a href=\"https:\/\/ecla.com.pl\/2862-960-bransoletka-srebrna-zlocona-z-turmalinem-na-dzien-mamy-perla.html\"><img loading=\"lazy\" width=\"800\" height=\"800\" src=\"https:\/\/ecla.com.pl\/blog\/wp-content\/uploads\/2026\/04\/bransoletka-srebrna-zlocona-z-turmalinem-na-dzien-mamy-perla.jpg\" alt=\"\" class=\"wp-image-2726\" srcset=\"https:\/\/ecla.com.pl\/blog\/wp-content\/uploads\/2026\/04\/bransoletka-srebrna-zlocona-z-turmalinem-na-dzien-mamy-perla.jpg 800w, https:\/\/ecla.com.pl\/blog\/wp-content\/uploads\/2026\/04\/bransoletka-srebrna-zlocona-z-turmalinem-na-dzien-mamy-perla-300x300.jpg 300w, https:\/\/ecla.com.pl\/blog\/wp-content\/uploads\/2026\/04\/bransoletka-srebrna-zlocona-z-turmalinem-na-dzien-mamy-perla-150x150.jpg 150w, https:\/\/ecla.com.pl\/blog\/wp-content\/uploads\/2026\/04\/bransoletka-srebrna-zlocona-z-turmalinem-na-dzien-mamy-perla-768x768.jpg 768w, https:\/\/ecla.com.pl\/blog\/wp-content\/uploads\/2026\/04\/bransoletka-srebrna-zlocona-z-turmalinem-na-dzien-mamy-perla-75x75.jpg 75w\" sizes=\"(max-width: 800px) 100vw, 800px\" \/><\/a><figcaption><a href=\"https:\/\/ecla.com.pl\/2862-960-bransoletka-srebrna-zlocona-z-turmalinem-na-dzien-mamy-perla.html\">Bransoletka srebrna 925 z\u0142ocona z turmalinem na Dzie\u0144 Mamy Perla<\/a><\/figcaption><\/figure>\n\n\n\n<p>To <strong><a href=\"https:\/\/ecla.com.pl\/2862-960-bransoletka-srebrna-zlocona-z-turmalinem-na-dzien-mamy-perla.html\">bransoletka z kamieni naturalnych dla mamy<\/a><\/strong>, kt\u00f3r\u0105 mo\u017cna nosi\u0107 ka\u017cdego dnia \u2014 zar\u00f3wno do casualowych stylizacji, jak i bardziej eleganckich zestaw\u00f3w. Jej subtelna forma sprawia, \u017ce jest bardzo uniwersalna, a jednocze\u015bnie pe\u0142na znaczenia. To idealna <strong><a href=\"https:\/\/ecla.com.pl\/170-dla-mamy?order=product.date_add.desc\">bi\u017cuteria na prezent dla mamy<\/a><\/strong>, kt\u00f3ra \u0142\u0105czy estetyk\u0119 z symbolik\u0105.<\/p>\n\n\n\n<figure class=\"wp-block-image size-full is-resized\"><a href=\"https:\/\/ecla.com.pl\/2862-960-bransoletka-srebrna-zlocona-z-turmalinem-na-dzien-mamy-perla.html\"><img loading=\"lazy\" src=\"https:\/\/ecla.com.pl\/blog\/wp-content\/uploads\/2026\/04\/bransoletka-srebrna-zlocona-z-turmalinem-na-dzien-mamy-perla-2.jpg\" alt=\"\" class=\"wp-image-2730\" width=\"800\" height=\"800\" srcset=\"https:\/\/ecla.com.pl\/blog\/wp-content\/uploads\/2026\/04\/bransoletka-srebrna-zlocona-z-turmalinem-na-dzien-mamy-perla-2.jpg 800w, https:\/\/ecla.com.pl\/blog\/wp-content\/uploads\/2026\/04\/bransoletka-srebrna-zlocona-z-turmalinem-na-dzien-mamy-perla-2-300x300.jpg 300w, https:\/\/ecla.com.pl\/blog\/wp-content\/uploads\/2026\/04\/bransoletka-srebrna-zlocona-z-turmalinem-na-dzien-mamy-perla-2-150x150.jpg 150w, https:\/\/ecla.com.pl\/blog\/wp-content\/uploads\/2026\/04\/bransoletka-srebrna-zlocona-z-turmalinem-na-dzien-mamy-perla-2-768x768.jpg 768w, https:\/\/ecla.com.pl\/blog\/wp-content\/uploads\/2026\/04\/bransoletka-srebrna-zlocona-z-turmalinem-na-dzien-mamy-perla-2-75x75.jpg 75w\" sizes=\"(max-width: 800px) 100vw, 800px\" \/><\/a><figcaption><a href=\"https:\/\/ecla.com.pl\/2862-960-bransoletka-srebrna-zlocona-z-turmalinem-na-dzien-mamy-perla.html\">Bransoletka srebrna 925 z\u0142ocona z turmalinem na Dzie\u0144 Mamy Perla<\/a><\/figcaption><\/figure>\n\n\n\n<p>Dodatkowo taka <strong><a href=\"https:\/\/ecla.com.pl\/2862-960-bransoletka-srebrna-zlocona-z-turmalinem-na-dzien-mamy-perla.html\">bransoletka z turmalinem na ochron\u0119<\/a><\/strong> mo\u017ce by\u0107 traktowana jako osobisty talizman. To pi\u0119kny spos\u00f3b, aby podarowa\u0107 nie tylko bi\u017cuteri\u0119, ale r\u00f3wnie\u017c intencj\u0119 \u2014 spok\u00f3j, bezpiecze\u0144stwo i wsparcie.<\/p>\n\n\n\n<hr class=\"wp-block-separator\"\/>\n\n\n\n<h2><span class=\"ez-toc-section\" id=\"Kolczyki_z_turmalinem_i_perla_%E2%80%93_elegancja_z_nuta_ochrony\"><\/span><strong><a href=\"https:\/\/ecla.com.pl\/2867-kolczyki-srebrne-zlocone-z-turmalinem-na-dzien-mamy-perla.html\">Kolczyki z turmalinem i per\u0142\u0105 \u2013 elegancja z nut\u0105 ochrony<\/a><\/strong><span class=\"ez-toc-section-end\"><\/span><\/h2>\n\n\n\n<figure class=\"wp-block-image size-full\"><a href=\"https:\/\/ecla.com.pl\/2867-kolczyki-srebrne-zlocone-z-turmalinem-na-dzien-mamy-perla.html\"><img loading=\"lazy\" width=\"800\" height=\"800\" src=\"https:\/\/ecla.com.pl\/blog\/wp-content\/uploads\/2026\/04\/kolczyki-srebrne-zlocone-z-turmalinem-na-dzien-mamy-perla-2.jpg\" alt=\"\" class=\"wp-image-2727\" srcset=\"https:\/\/ecla.com.pl\/blog\/wp-content\/uploads\/2026\/04\/kolczyki-srebrne-zlocone-z-turmalinem-na-dzien-mamy-perla-2.jpg 800w, https:\/\/ecla.com.pl\/blog\/wp-content\/uploads\/2026\/04\/kolczyki-srebrne-zlocone-z-turmalinem-na-dzien-mamy-perla-2-300x300.jpg 300w, https:\/\/ecla.com.pl\/blog\/wp-content\/uploads\/2026\/04\/kolczyki-srebrne-zlocone-z-turmalinem-na-dzien-mamy-perla-2-150x150.jpg 150w, https:\/\/ecla.com.pl\/blog\/wp-content\/uploads\/2026\/04\/kolczyki-srebrne-zlocone-z-turmalinem-na-dzien-mamy-perla-2-768x768.jpg 768w, https:\/\/ecla.com.pl\/blog\/wp-content\/uploads\/2026\/04\/kolczyki-srebrne-zlocone-z-turmalinem-na-dzien-mamy-perla-2-75x75.jpg 75w\" sizes=\"(max-width: 800px) 100vw, 800px\" \/><\/a><figcaption><a href=\"https:\/\/ecla.com.pl\/2867-kolczyki-srebrne-zlocone-z-turmalinem-na-dzien-mamy-perla.html\">Kolczyki srebrne 925 z\u0142ocone z turmalinem na Dzie\u0144 Mamy Perla<\/a><\/figcaption><\/figure>\n\n\n\n<p>Stylowe<strong> <a href=\"https:\/\/ecla.com.pl\/2867-kolczyki-srebrne-zlocone-z-turmalinem-na-dzien-mamy-perla.html\">kolczyki srebrne z\u0142ocone z turmalinem na Dzie\u0144 Mamy<\/a> <\/strong>to idealne uzupe\u0142nienie zestawu. <strong><a href=\"https:\/\/ecla.com.pl\/2867-kolczyki-srebrne-zlocone-z-turmalinem-na-dzien-mamy-perla.html\">Kolczyki z per\u0142\u0105 i turmalinem<\/a><\/strong> \u0142\u0105cz\u0105 klasyczny design z nowoczesnym podej\u015bciem do bi\u017cuterii z kamieni naturalnych.<\/p>\n\n\n\n<figure class=\"wp-block-image size-full\"><a href=\"https:\/\/ecla.com.pl\/2867-kolczyki-srebrne-zlocone-z-turmalinem-na-dzien-mamy-perla.html\"><img loading=\"lazy\" width=\"800\" height=\"800\" src=\"https:\/\/ecla.com.pl\/blog\/wp-content\/uploads\/2026\/04\/kolczyki-srebrne-zlocone-z-turmalinem-na-dzien-mamy-perla-3.jpg\" alt=\"\" class=\"wp-image-2728\" srcset=\"https:\/\/ecla.com.pl\/blog\/wp-content\/uploads\/2026\/04\/kolczyki-srebrne-zlocone-z-turmalinem-na-dzien-mamy-perla-3.jpg 800w, https:\/\/ecla.com.pl\/blog\/wp-content\/uploads\/2026\/04\/kolczyki-srebrne-zlocone-z-turmalinem-na-dzien-mamy-perla-3-300x300.jpg 300w, https:\/\/ecla.com.pl\/blog\/wp-content\/uploads\/2026\/04\/kolczyki-srebrne-zlocone-z-turmalinem-na-dzien-mamy-perla-3-150x150.jpg 150w, https:\/\/ecla.com.pl\/blog\/wp-content\/uploads\/2026\/04\/kolczyki-srebrne-zlocone-z-turmalinem-na-dzien-mamy-perla-3-768x768.jpg 768w, https:\/\/ecla.com.pl\/blog\/wp-content\/uploads\/2026\/04\/kolczyki-srebrne-zlocone-z-turmalinem-na-dzien-mamy-perla-3-75x75.jpg 75w\" sizes=\"(max-width: 800px) 100vw, 800px\" \/><\/a><figcaption><a href=\"https:\/\/ecla.com.pl\/2867-kolczyki-srebrne-zlocone-z-turmalinem-na-dzien-mamy-perla.html\">Kolczyki srebrne 925 z\u0142ocone z turmalinem na Dzie\u0144 Mamy Perla<\/a><\/figcaption><\/figure>\n\n\n\n<p><a href=\"https:\/\/ecla.com.pl\/211-perly?order=product.date_add.desc\">Per\u0142y<\/a> w kolczykach podkre\u015blaj\u0105 twarz i dodaj\u0105 blasku, natomiast turmalin wprowadza subtelny akcent kontrastu i symboliki. To <strong><a href=\"https:\/\/ecla.com.pl\/2867-kolczyki-srebrne-zlocone-z-turmalinem-na-dzien-mamy-perla.html\">kolczyki z kamieni naturalnych na prezent<\/a><\/strong>, kt\u00f3re sprawdz\u0105 si\u0119 zar\u00f3wno na co dzie\u0144, jak i na specjalne okazje.<\/p>\n\n\n\n<figure class=\"wp-block-image size-full\"><a href=\"https:\/\/ecla.com.pl\/2867-kolczyki-srebrne-zlocone-z-turmalinem-na-dzien-mamy-perla.html\"><img loading=\"lazy\" width=\"800\" height=\"800\" src=\"https:\/\/ecla.com.pl\/blog\/wp-content\/uploads\/2026\/04\/kolczyki-srebrne-zlocone-z-turmalinem-na-dzien-mamy-perla-4.jpg\" alt=\"\" class=\"wp-image-2729\" srcset=\"https:\/\/ecla.com.pl\/blog\/wp-content\/uploads\/2026\/04\/kolczyki-srebrne-zlocone-z-turmalinem-na-dzien-mamy-perla-4.jpg 800w, https:\/\/ecla.com.pl\/blog\/wp-content\/uploads\/2026\/04\/kolczyki-srebrne-zlocone-z-turmalinem-na-dzien-mamy-perla-4-300x300.jpg 300w, https:\/\/ecla.com.pl\/blog\/wp-content\/uploads\/2026\/04\/kolczyki-srebrne-zlocone-z-turmalinem-na-dzien-mamy-perla-4-150x150.jpg 150w, https:\/\/ecla.com.pl\/blog\/wp-content\/uploads\/2026\/04\/kolczyki-srebrne-zlocone-z-turmalinem-na-dzien-mamy-perla-4-768x768.jpg 768w, https:\/\/ecla.com.pl\/blog\/wp-content\/uploads\/2026\/04\/kolczyki-srebrne-zlocone-z-turmalinem-na-dzien-mamy-perla-4-75x75.jpg 75w\" sizes=\"(max-width: 800px) 100vw, 800px\" \/><\/a><figcaption><a href=\"https:\/\/ecla.com.pl\/2867-kolczyki-srebrne-zlocone-z-turmalinem-na-dzien-mamy-perla.html\">Kolczyki srebrne 925 z\u0142ocone z turmalinem na Dzie\u0144 Mamy Perla<\/a><\/figcaption><\/figure>\n\n\n\n<p>Takie <strong><a href=\"https:\/\/ecla.com.pl\/2867-kolczyki-srebrne-zlocone-z-turmalinem-na-dzien-mamy-perla.html\">kolczyki z per\u0142ami i turmalinem<\/a><\/strong> to doskona\u0142y wyb\u00f3r dla kobiet, kt\u00f3re ceni\u0105 ponadczasowy styl, ale jednocze\u015bnie lubi\u0105 bi\u017cuteri\u0119 z charakterem. To r\u00f3wnie\u017c \u015bwietna opcja dla os\u00f3b, kt\u00f3re chc\u0105 stworzy\u0107 sp\u00f3jny zestaw z bransoletk\u0105.<\/p>\n\n\n\n<hr class=\"wp-block-separator\"\/>\n\n\n\n<h2><span class=\"ez-toc-section\" id=\"Bizuteria_na_Dzien_Mamy_%E2%80%93_wiecej_niz_prezent\"><\/span><strong>Bi\u017cuteria na Dzie\u0144 Mamy \u2013 wi\u0119cej ni\u017c prezent<\/strong><span class=\"ez-toc-section-end\"><\/span><\/h2>\n\n\n\n<p><strong><a href=\"https:\/\/ecla.com.pl\/170-dla-mamy?kamien=awenturyn,cytryn,granat,hematyt,kamien-sloneczny,krysztal-gorski,kunzyt,morganit,opal,perla,turmalin&amp;order=product.date_add.desc\">Bi\u017cuteria z kamieni naturalnych na prezent dla mamy<\/a><\/strong> ma wyj\u0105tkowy wymiar emocjonalny. Nie jest to przypadkowy dodatek \u2014 to wyb\u00f3r, kt\u00f3ry m\u00f3wi:<\/p>\n\n\n\n<ul><li>\u201edbam o Ciebie\u201d,<\/li><li>\u201echc\u0119, \u017ceby\u015b czu\u0142a si\u0119 dobrze\u201d,<\/li><li>\u201eto co\u015b tylko dla Ciebie\u201d.<\/li><\/ul>\n\n\n\n<p><strong><a href=\"https:\/\/ecla.com.pl\/2862-960-bransoletka-srebrna-zlocona-z-turmalinem-na-dzien-mamy-perla.html\">Bransoletka z per\u0142\u0105 i turmalinem<\/a><\/strong> oraz <strong><a href=\"https:\/\/ecla.com.pl\/2867-kolczyki-srebrne-zlocone-z-turmalinem-na-dzien-mamy-perla.html\">kolczyki z per\u0142\u0105 i turmalinem<\/a><\/strong> tworz\u0105 razem sp\u00f3jny, przemy\u015blany zestaw, kt\u00f3ry mo\u017ce sta\u0107 si\u0119 codziennym towarzyszem Twojej mamy.<\/p>\n\n\n\n<hr class=\"wp-block-separator\"\/>\n\n\n\n<h2><span class=\"ez-toc-section\" id=\"Jak_wybrac_idealna_bizuterie_na_Dzien_Mamy\"><\/span><strong>Jak wybra\u0107 idealn\u0105 bi\u017cuteri\u0119 na Dzie\u0144 Mamy?<\/strong><span class=\"ez-toc-section-end\"><\/span><\/h2>\n\n\n\n<p>Wybieraj\u0105c <strong><a href=\"https:\/\/ecla.com.pl\/170-dla-mamy?kamien=awenturyn,cytryn,granat,hematyt,kamien-sloneczny,krysztal-gorski,kunzyt,morganit,opal,perla,turmalin&amp;order=product.date_add.desc\">bi\u017cuteri\u0119 na Dzie\u0144 Mamy z kamieni naturalnych<\/a><\/strong>, warto zwr\u00f3ci\u0107 uwag\u0119 na:<\/p>\n\n\n\n<ul><li>symbolik\u0119 kamieni,<\/li><li>styl mamy,<\/li><li>uniwersalno\u015b\u0107 bi\u017cuterii,<\/li><li>jako\u015b\u0107 wykonania.<\/li><\/ul>\n\n\n\n<p><strong><a href=\"https:\/\/ecla.com.pl\/170-dla-mamy?kamien=turmalin&amp;order=product.date_add.desc\">Bi\u017cuteria z per\u0142ami i turmalinem<\/a><\/strong> to bezpieczny, ale jednocze\u015bnie bardzo wyj\u0105tkowy wyb\u00f3r \u2014 pasuje do wielu styl\u00f3w i niesie ze sob\u0105 pi\u0119kne znaczenie.<\/p>\n\n\n\n<hr class=\"wp-block-separator\"\/>\n\n\n\n<h2><span class=\"ez-toc-section\" id=\"FAQ_%E2%80%93_najczestsze_pytania\"><\/span><strong>FAQ \u2013 najcz\u0119stsze pytania<\/strong><span class=\"ez-toc-section-end\"><\/span><\/h2>\n\n\n\n<p><strong>1. Dlaczego per\u0142y s\u0105 dobrym wyborem na prezent dla mamy?<\/strong><br>Per\u0142y symbolizuj\u0105 elegancj\u0119, spok\u00f3j i kobieco\u015b\u0107, dlatego idealnie pasuj\u0105 do wyj\u0105tkowej okazji.<\/p>\n\n\n\n<p><strong>2. Co oznacza turmalin w bi\u017cuterii?<\/strong><br>Turmalin kojarzony jest z ochron\u0105 i pomaga symbolicznie odcina\u0107 negatywn\u0105 energi\u0119.<\/p>\n\n\n\n<p><strong>3. Czy bransoletka z per\u0142\u0105 i turmalinem pasuje na co dzie\u0144?<\/strong><br>Tak, to uniwersalna bi\u017cuteria, kt\u00f3ra sprawdzi si\u0119 zar\u00f3wno na co dzie\u0144, jak i na specjalne okazje.<\/p>\n\n\n\n<p><strong>4. Czy kolczyki z per\u0142\u0105 i turmalinem s\u0105 dobrym prezentem?<\/strong><br>Tak, to elegancki i ponadczasowy wyb\u00f3r, kt\u00f3ry pasuje do wielu styl\u00f3w.<\/p>\n\n\n\n<p><strong>5. Czy mo\u017cna \u0142\u0105czy\u0107 bransoletk\u0119 i kolczyki w zestaw?<\/strong><br>Tak, tworz\u0105 sp\u00f3jny i przemy\u015blany komplet idealny na prezent.<\/p>\n\n\n\n<hr class=\"wp-block-separator\"\/>\n\n\n\n<h2><span class=\"ez-toc-section\" id=\"Podsumowanie\"><\/span><strong>Podsumowanie<\/strong><span class=\"ez-toc-section-end\"><\/span><\/h2>\n\n\n\n<p><strong><a href=\"https:\/\/ecla.com.pl\/187-kamienie-naturalne?kamien=perla&amp;order=product.date_add.desc\">Per\u0142y dla klasy<\/a>, <a href=\"https:\/\/ecla.com.pl\/214-turmalin?order=product.date_add.desc\">turmalin dla ochrony<\/a><\/strong> \u2014 to po\u0142\u0105czenie, kt\u00f3re idealnie oddaje charakter prezentu na Dzie\u0144 Mamy. Elegancja spotyka si\u0119 tutaj z symbolik\u0105, a delikatno\u015b\u0107 z si\u0142\u0105.<\/p>\n\n\n\n<p>Je\u015bli szukasz <strong><a href=\"https:\/\/ecla.com.pl\/170-dla-mamy?order=product.date_add.desc\">bi\u017cuterii na Dzie\u0144 Mamy<\/a><\/strong>, kt\u00f3ra b\u0119dzie nie tylko pi\u0119kna, ale r\u00f3wnie\u017c znacz\u0105ca, <strong><a href=\"https:\/\/ecla.com.pl\/2862-960-bransoletka-srebrna-zlocona-z-turmalinem-na-dzien-mamy-perla.html\">bransoletka z per\u0142\u0105 i turmalinem<\/a><\/strong> oraz <strong><a href=\"https:\/\/ecla.com.pl\/2867-kolczyki-srebrne-zlocone-z-turmalinem-na-dzien-mamy-perla.html\">kolczyki z per\u0142\u0105 i turmalinem<\/a><\/strong> to wyb\u00f3r, kt\u00f3ry zostanie z mam\u0105 na d\u0142ugo.<\/p>\n","protected":false},"excerpt":{"rendered":"<p>Bi\u017cuteria na Dzie\u0144 Mamy z kamieni naturalnych to co\u015b wi\u0119cej ni\u017c klasyczny upominek. To symbol emocji, wdzi\u0119czno\u015bci i troski. Coraz cz\u0119\u015bciej wybierane s\u0105 per\u0142y naturalne oraz turmalin, kt\u00f3re razem tworz\u0105 wyj\u0105tkowy duet \u2014 elegancki, ponadczasowy i jednocze\u015bnie pe\u0142en znaczenia. Je\u015bli szukasz pomys\u0142u na prezent na Dzie\u0144 Mamy bi\u017cuteria, po\u0142\u0105czenie tych dw\u00f3ch kamieni to wyb\u00f3r, kt\u00f3ry \u0142\u0105czy styl i symbolik\u0119. Bransoletka z per\u0142\u0105 i turmalinem oraz kolczyki z per\u0142\u0105 i turmalinem to propozycja dla kobiet, kt\u00f3re ceni\u0105 subtelno\u015b\u0107, ale r\u00f3wnie\u017c \u015bwiadomy wyb\u00f3r bi\u017cuterii. To idealny zestaw, kt\u00f3ry podkre\u015bla kobieco\u015b\u0107 i jednocze\u015bnie niesie ze sob\u0105 znaczenie ochrony i spokoju. Dlaczego per\u0142y i turmalin to idealne po\u0142\u0105czenie na prezent dla mamy? Per\u0142y naturalne od wiek\u00f3w kojarzone s\u0105 z klas\u0105, delikatno\u015bci\u0105 i kobiec\u0105 energi\u0105. To symbol spokoju, harmonii i dojrza\u0142ego pi\u0119kna. Z kolei turmalin, szczeg\u00f3lnie czarny, uznawany jest za jeden z najsilniejszych kamieni ochronnych. Po\u0142\u0105czenie tych dw\u00f3ch element\u00f3w w bi\u017cuterii z kamieni naturalnych na Dzie\u0144 Mamy sprawia, \u017ce prezent nabiera g\u0142\u0119bszego sensu: per\u0142a \u2013 symbol mi\u0142o\u015bci, troski i kobieco\u015bci, turmalin \u2013 symbol ochrony i bezpiecze\u0144stwa, razem \u2013 r\u00f3wnowaga emocji i si\u0142y. Dlatego w\u0142a\u015bnie bi\u017cuteria z per\u0142ami i turmalinem jest tak wyj\u0105tkowym wyborem na prezent dla mamy. Bransoletka z turmalinem i per\u0142\u0105 \u2013 subtelna ochrona i elegancja Delikatna bransoletka z per\u0142\u0105 i turmalinem na Dzie\u0144 Mamy, kt\u00f3ra \u0142\u0105czy klasyk\u0119 z nowoczesnym minimalizmem. Per\u0142a naturalna nadaje jej elegancji i lekko\u015bci, natomiast turmalin wprowadza element ochrony i stabilno\u015bci emocjonalnej. To bransoletka z kamieni naturalnych dla mamy, kt\u00f3r\u0105 mo\u017cna nosi\u0107 ka\u017cdego dnia \u2014 zar\u00f3wno do casualowych stylizacji, jak i bardziej eleganckich zestaw\u00f3w. Jej subtelna forma sprawia, \u017ce jest bardzo uniwersalna, a jednocze\u015bnie pe\u0142na znaczenia. To idealna bi\u017cuteria na prezent dla mamy, kt\u00f3ra \u0142\u0105czy estetyk\u0119 z symbolik\u0105. Dodatkowo taka bransoletka z turmalinem na ochron\u0119 mo\u017ce by\u0107 traktowana jako osobisty talizman. To pi\u0119kny spos\u00f3b, aby podarowa\u0107 nie tylko bi\u017cuteri\u0119, ale r\u00f3wnie\u017c intencj\u0119 \u2014 spok\u00f3j, bezpiecze\u0144stwo i wsparcie. Kolczyki z turmalinem i per\u0142\u0105 \u2013 elegancja z nut\u0105 ochrony Stylowe kolczyki srebrne z\u0142ocone z turmalinem na Dzie\u0144 Mamy to idealne uzupe\u0142nienie zestawu. Kolczyki z per\u0142\u0105 i turmalinem \u0142\u0105cz\u0105 klasyczny design z nowoczesnym podej\u015bciem do bi\u017cuterii z kamieni naturalnych. Per\u0142y w kolczykach podkre\u015blaj\u0105 twarz i dodaj\u0105 blasku, natomiast turmalin wprowadza subtelny akcent kontrastu i symboliki. To kolczyki z kamieni naturalnych na prezent, kt\u00f3re sprawdz\u0105 si\u0119 zar\u00f3wno na co dzie\u0144, jak i na specjalne okazje. Takie kolczyki z per\u0142ami i turmalinem to doskona\u0142y wyb\u00f3r dla kobiet, kt\u00f3re ceni\u0105 ponadczasowy styl, ale jednocze\u015bnie lubi\u0105 bi\u017cuteri\u0119 z charakterem. To r\u00f3wnie\u017c \u015bwietna opcja dla os\u00f3b, kt\u00f3re chc\u0105 stworzy\u0107 sp\u00f3jny zestaw z bransoletk\u0105. Bi\u017cuteria na Dzie\u0144 Mamy \u2013 wi\u0119cej ni\u017c prezent Bi\u017cuteria z kamieni naturalnych na prezent dla mamy ma wyj\u0105tkowy wymiar emocjonalny. Nie jest to przypadkowy dodatek \u2014 to wyb\u00f3r, kt\u00f3ry m\u00f3wi: \u201edbam o Ciebie\u201d, \u201echc\u0119, \u017ceby\u015b czu\u0142a si\u0119 dobrze\u201d, \u201eto co\u015b tylko dla Ciebie\u201d. Bransoletka z per\u0142\u0105 i turmalinem oraz kolczyki z per\u0142\u0105 i turmalinem tworz\u0105 razem sp\u00f3jny, przemy\u015blany zestaw, kt\u00f3ry mo\u017ce sta\u0107 si\u0119 codziennym towarzyszem Twojej mamy. Jak wybra\u0107 idealn\u0105 bi\u017cuteri\u0119 na Dzie\u0144 Mamy? Wybieraj\u0105c bi\u017cuteri\u0119 na Dzie\u0144 Mamy z kamieni naturalnych, warto zwr\u00f3ci\u0107 uwag\u0119 na: symbolik\u0119 kamieni, styl mamy, uniwersalno\u015b\u0107 bi\u017cuterii, jako\u015b\u0107 wykonania. Bi\u017cuteria z per\u0142ami i turmalinem to bezpieczny, ale jednocze\u015bnie bardzo wyj\u0105tkowy wyb\u00f3r \u2014 pasuje do wielu styl\u00f3w i niesie ze sob\u0105 pi\u0119kne znaczenie. FAQ \u2013 najcz\u0119stsze pytania 1. Dlaczego per\u0142y s\u0105 dobrym wyborem na prezent dla mamy?Per\u0142y symbolizuj\u0105 elegancj\u0119, spok\u00f3j i kobieco\u015b\u0107, dlatego idealnie pasuj\u0105 do wyj\u0105tkowej okazji. 2. Co oznacza turmalin w bi\u017cuterii?Turmalin kojarzony jest z ochron\u0105 i pomaga symbolicznie odcina\u0107 negatywn\u0105 energi\u0119. 3. Czy bransoletka z per\u0142\u0105 i turmalinem pasuje na co dzie\u0144?Tak, to uniwersalna bi\u017cuteria, kt\u00f3ra sprawdzi si\u0119 zar\u00f3wno na co dzie\u0144, jak i na specjalne okazje. 4. Czy kolczyki z per\u0142\u0105 i turmalinem s\u0105 dobrym prezentem?Tak, to elegancki i ponadczasowy wyb\u00f3r, kt\u00f3ry pasuje do wielu styl\u00f3w. 5. Czy mo\u017cna \u0142\u0105czy\u0107 bransoletk\u0119 i kolczyki w zestaw?Tak, tworz\u0105 sp\u00f3jny i przemy\u015blany komplet idealny na prezent. Podsumowanie Per\u0142y dla klasy, turmalin dla ochrony \u2014 to po\u0142\u0105czenie, kt\u00f3re idealnie oddaje charakter prezentu na Dzie\u0144 Mamy. Elegancja spotyka si\u0119 tutaj z symbolik\u0105, a delikatno\u015b\u0107 z si\u0142\u0105. Je\u015bli szukasz bi\u017cuterii na Dzie\u0144 Mamy, kt\u00f3ra b\u0119dzie nie tylko pi\u0119kna, ale r\u00f3wnie\u017c znacz\u0105ca, bransoletka z per\u0142\u0105 i turmalinem oraz kolczyki z per\u0142\u0105 i turmalinem to wyb\u00f3r, kt\u00f3ry zostanie z mam\u0105 na d\u0142ugo.<\/p>\n","protected":false},"author":14,"featured_media":2734,"comment_status":"closed","ping_status":"open","sticky":false,"template":"","format":"standard","meta":{"inline_featured_image":false},"categories":[8],"tags":[17,20,282,41,32,18,209,283,35,272,15],"yoast_head":"<!-- This site is optimized with the Yoast SEO plugin v18.8 - https:\/\/yoast.com\/wordpress\/plugins\/seo\/ -->\n<title>Per\u0142y dla klasy, turmalin dla ochrony \u2013 idealny duet w prezencie na Dzie\u0144 Mamy - Ecla - Blog<\/title>\n<meta name=\"description\" content=\"Odkryj bi\u017cuteri\u0119 z per\u0142ami i turmalinem na Dzie\u0144 Mamy. Elegancki i symboliczny prezent dla wyj\u0105tkowej kobiety.\" \/>\n<meta name=\"robots\" content=\"index, follow, max-snippet:-1, max-image-preview:large, max-video-preview:-1\" \/>\n<link rel=\"canonical\" href=\"https:\/\/ecla.com.pl\/blog\/prezent-na-dzien-mamy-perla-i-turmalin.html\" \/>\n<meta property=\"og:locale\" content=\"pl_PL\" \/>\n<meta property=\"og:type\" content=\"article\" \/>\n<meta property=\"og:title\" content=\"Per\u0142y dla klasy, turmalin dla ochrony \u2013 idealny duet w prezencie na Dzie\u0144 Mamy - Ecla - Blog\" \/>\n<meta property=\"og:description\" content=\"Odkryj bi\u017cuteri\u0119 z per\u0142ami i turmalinem na Dzie\u0144 Mamy. Elegancki i symboliczny prezent dla wyj\u0105tkowej kobiety.\" \/>\n<meta property=\"og:url\" content=\"https:\/\/ecla.com.pl\/blog\/prezent-na-dzien-mamy-perla-i-turmalin.html\" \/>\n<meta property=\"og:site_name\" content=\"Ecla - Blog\" \/>\n<meta property=\"article:publisher\" content=\"https:\/\/www.facebook.com\/ecla.bizuteria\/\" \/>\n<meta property=\"article:published_time\" content=\"2026-04-23T15:00:00+00:00\" \/>\n<meta property=\"article:modified_time\" content=\"2026-04-24T07:48:56+00:00\" \/>\n<meta property=\"og:image\" content=\"https:\/\/ecla.com.pl\/blog\/wp-content\/uploads\/2026\/04\/blog-miniaturki-13.png\" \/>\n\t<meta property=\"og:image:width\" content=\"800\" \/>\n\t<meta property=\"og:image:height\" content=\"662\" \/>\n\t<meta property=\"og:image:type\" content=\"image\/png\" \/>\n<meta name=\"twitter:card\" content=\"summary_large_image\" \/>\n<meta name=\"twitter:label1\" content=\"Written by\" \/>\n\t<meta name=\"twitter:data1\" content=\"Urszula Lisowska\" \/>\n\t<meta name=\"twitter:label2\" content=\"Est. reading time\" \/>\n\t<meta name=\"twitter:data2\" content=\"6 minut\" \/>\n<script type=\"application\/ld+json\" class=\"yoast-schema-graph\">{\"@context\":\"https:\/\/schema.org\",\"@graph\":[{\"@type\":\"Organization\",\"@id\":\"https:\/\/ecla.com.pl\/blog\/#organization\",\"name\":\"Ecla.pl\",\"url\":\"https:\/\/ecla.com.pl\/blog\/\",\"sameAs\":[\"https:\/\/www.facebook.com\/ecla.bizuteria\/\",\"https:\/\/www.instagram.com\/ecla.pl\/\"],\"logo\":{\"@type\":\"ImageObject\",\"inLanguage\":\"pl-PL\",\"@id\":\"https:\/\/ecla.com.pl\/blog\/#\/schema\/logo\/image\/\",\"url\":\"https:\/\/ecla.com.pl\/blog\/wp-content\/uploads\/2022\/04\/logo-_1_.svg\",\"contentUrl\":\"https:\/\/ecla.com.pl\/blog\/wp-content\/uploads\/2022\/04\/logo-_1_.svg\",\"width\":3830,\"height\":1407,\"caption\":\"Ecla.pl\"},\"image\":{\"@id\":\"https:\/\/ecla.com.pl\/blog\/#\/schema\/logo\/image\/\"}},{\"@type\":\"WebSite\",\"@id\":\"https:\/\/ecla.com.pl\/blog\/#website\",\"url\":\"https:\/\/ecla.com.pl\/blog\/\",\"name\":\"Ecla - Blog\",\"description\":\"Blog\",\"publisher\":{\"@id\":\"https:\/\/ecla.com.pl\/blog\/#organization\"},\"potentialAction\":[{\"@type\":\"SearchAction\",\"target\":{\"@type\":\"EntryPoint\",\"urlTemplate\":\"https:\/\/ecla.com.pl\/blog\/?s={search_term_string}\"},\"query-input\":\"required name=search_term_string\"}],\"inLanguage\":\"pl-PL\"},{\"@type\":\"ImageObject\",\"inLanguage\":\"pl-PL\",\"@id\":\"https:\/\/ecla.com.pl\/blog\/prezent-na-dzien-mamy-perla-i-turmalin.html#primaryimage\",\"url\":\"https:\/\/ecla.com.pl\/blog\/wp-content\/uploads\/2026\/04\/blog-miniaturki-13.png\",\"contentUrl\":\"https:\/\/ecla.com.pl\/blog\/wp-content\/uploads\/2026\/04\/blog-miniaturki-13.png\",\"width\":800,\"height\":662},{\"@type\":\"WebPage\",\"@id\":\"https:\/\/ecla.com.pl\/blog\/prezent-na-dzien-mamy-perla-i-turmalin.html#webpage\",\"url\":\"https:\/\/ecla.com.pl\/blog\/prezent-na-dzien-mamy-perla-i-turmalin.html\",\"name\":\"Per\u0142y dla klasy, turmalin dla ochrony \u2013 idealny duet w prezencie na Dzie\u0144 Mamy - Ecla - Blog\",\"isPartOf\":{\"@id\":\"https:\/\/ecla.com.pl\/blog\/#website\"},\"primaryImageOfPage\":{\"@id\":\"https:\/\/ecla.com.pl\/blog\/prezent-na-dzien-mamy-perla-i-turmalin.html#primaryimage\"},\"datePublished\":\"2026-04-23T15:00:00+00:00\",\"dateModified\":\"2026-04-24T07:48:56+00:00\",\"description\":\"Odkryj bi\u017cuteri\u0119 z per\u0142ami i turmalinem na Dzie\u0144 Mamy. Elegancki i symboliczny prezent dla wyj\u0105tkowej kobiety.\",\"breadcrumb\":{\"@id\":\"https:\/\/ecla.com.pl\/blog\/prezent-na-dzien-mamy-perla-i-turmalin.html#breadcrumb\"},\"inLanguage\":\"pl-PL\",\"potentialAction\":[{\"@type\":\"ReadAction\",\"target\":[\"https:\/\/ecla.com.pl\/blog\/prezent-na-dzien-mamy-perla-i-turmalin.html\"]}]},{\"@type\":\"BreadcrumbList\",\"@id\":\"https:\/\/ecla.com.pl\/blog\/prezent-na-dzien-mamy-perla-i-turmalin.html#breadcrumb\",\"itemListElement\":[{\"@type\":\"ListItem\",\"position\":1,\"name\":\"Blog\",\"item\":\"https:\/\/ecla.com.pl\/blog\/\"},{\"@type\":\"ListItem\",\"position\":2,\"name\":\"Per\u0142y dla klasy, turmalin dla ochrony \u2013 idealny duet w prezencie na Dzie\u0144 Mamy\"}]},{\"@type\":\"Article\",\"@id\":\"https:\/\/ecla.com.pl\/blog\/prezent-na-dzien-mamy-perla-i-turmalin.html#article\",\"isPartOf\":{\"@id\":\"https:\/\/ecla.com.pl\/blog\/prezent-na-dzien-mamy-perla-i-turmalin.html#webpage\"},\"author\":{\"@id\":\"https:\/\/ecla.com.pl\/blog\/#\/schema\/person\/764ee9c9be78e6ca56ac7a0f3369f714\"},\"headline\":\"Per\u0142y dla klasy, turmalin dla ochrony \u2013 idealny duet w prezencie na Dzie\u0144 Mamy\",\"datePublished\":\"2026-04-23T15:00:00+00:00\",\"dateModified\":\"2026-04-24T07:48:56+00:00\",\"mainEntityOfPage\":{\"@id\":\"https:\/\/ecla.com.pl\/blog\/prezent-na-dzien-mamy-perla-i-turmalin.html#webpage\"},\"wordCount\":897,\"publisher\":{\"@id\":\"https:\/\/ecla.com.pl\/blog\/#organization\"},\"image\":{\"@id\":\"https:\/\/ecla.com.pl\/blog\/prezent-na-dzien-mamy-perla-i-turmalin.html#primaryimage\"},\"thumbnailUrl\":\"https:\/\/ecla.com.pl\/blog\/wp-content\/uploads\/2026\/04\/blog-miniaturki-13.png\",\"keywords\":[\"bi\u017cuteria\",\"bransoletka\",\"dzie\u0144 mamy\",\"kamienie naturalne\",\"kolczyki\",\"moda\",\"ochrona\",\"per\u0142a\",\"prezent\",\"prezent na dzie\u0144 mamy\",\"srebrna bi\u017cuteria\"],\"articleSection\":[\"Na prezent\"],\"inLanguage\":\"pl-PL\"},{\"@type\":\"Person\",\"@id\":\"https:\/\/ecla.com.pl\/blog\/#\/schema\/person\/764ee9c9be78e6ca56ac7a0f3369f714\",\"name\":\"Urszula Lisowska\",\"image\":{\"@type\":\"ImageObject\",\"inLanguage\":\"pl-PL\",\"@id\":\"https:\/\/ecla.com.pl\/blog\/#\/schema\/person\/image\/\",\"url\":\"https:\/\/secure.gravatar.com\/avatar\/945c2867f3de3ddbc2672c756645a334?s=96&d=mm&r=g\",\"contentUrl\":\"https:\/\/secure.gravatar.com\/avatar\/945c2867f3de3ddbc2672c756645a334?s=96&d=mm&r=g\",\"caption\":\"Urszula Lisowska\"},\"url\":\"https:\/\/ecla.com.pl\/blog\/author\/urszula-lisowska\"}]}<\/script>\n<!-- \/ Yoast SEO plugin. -->","yoast_head_json":{"title":"Per\u0142y dla klasy, turmalin dla ochrony \u2013 idealny duet w prezencie na Dzie\u0144 Mamy - Ecla - Blog","description":"Odkryj bi\u017cuteri\u0119 z per\u0142ami i turmalinem na Dzie\u0144 Mamy. Elegancki i symboliczny prezent dla wyj\u0105tkowej kobiety.","robots":{"index":"index","follow":"follow","max-snippet":"max-snippet:-1","max-image-preview":"max-image-preview:large","max-video-preview":"max-video-preview:-1"},"canonical":"https:\/\/ecla.com.pl\/blog\/prezent-na-dzien-mamy-perla-i-turmalin.html","og_locale":"pl_PL","og_type":"article","og_title":"Per\u0142y dla klasy, turmalin dla ochrony \u2013 idealny duet w prezencie na Dzie\u0144 Mamy - Ecla - Blog","og_description":"Odkryj bi\u017cuteri\u0119 z per\u0142ami i turmalinem na Dzie\u0144 Mamy. Elegancki i symboliczny prezent dla wyj\u0105tkowej kobiety.","og_url":"https:\/\/ecla.com.pl\/blog\/prezent-na-dzien-mamy-perla-i-turmalin.html","og_site_name":"Ecla - Blog","article_publisher":"https:\/\/www.facebook.com\/ecla.bizuteria\/","article_published_time":"2026-04-23T15:00:00+00:00","article_modified_time":"2026-04-24T07:48:56+00:00","og_image":[{"width":800,"height":662,"url":"https:\/\/ecla.com.pl\/blog\/wp-content\/uploads\/2026\/04\/blog-miniaturki-13.png","type":"image\/png"}],"twitter_card":"summary_large_image","twitter_misc":{"Written by":"Urszula Lisowska","Est. reading time":"6 minut"},"schema":{"@context":"https:\/\/schema.org","@graph":[{"@type":"Organization","@id":"https:\/\/ecla.com.pl\/blog\/#organization","name":"Ecla.pl","url":"https:\/\/ecla.com.pl\/blog\/","sameAs":["https:\/\/www.facebook.com\/ecla.bizuteria\/","https:\/\/www.instagram.com\/ecla.pl\/"],"logo":{"@type":"ImageObject","inLanguage":"pl-PL","@id":"https:\/\/ecla.com.pl\/blog\/#\/schema\/logo\/image\/","url":"https:\/\/ecla.com.pl\/blog\/wp-content\/uploads\/2022\/04\/logo-_1_.svg","contentUrl":"https:\/\/ecla.com.pl\/blog\/wp-content\/uploads\/2022\/04\/logo-_1_.svg","width":3830,"height":1407,"caption":"Ecla.pl"},"image":{"@id":"https:\/\/ecla.com.pl\/blog\/#\/schema\/logo\/image\/"}},{"@type":"WebSite","@id":"https:\/\/ecla.com.pl\/blog\/#website","url":"https:\/\/ecla.com.pl\/blog\/","name":"Ecla - Blog","description":"Blog","publisher":{"@id":"https:\/\/ecla.com.pl\/blog\/#organization"},"potentialAction":[{"@type":"SearchAction","target":{"@type":"EntryPoint","urlTemplate":"https:\/\/ecla.com.pl\/blog\/?s={search_term_string}"},"query-input":"required name=search_term_string"}],"inLanguage":"pl-PL"},{"@type":"ImageObject","inLanguage":"pl-PL","@id":"https:\/\/ecla.com.pl\/blog\/prezent-na-dzien-mamy-perla-i-turmalin.html#primaryimage","url":"https:\/\/ecla.com.pl\/blog\/wp-content\/uploads\/2026\/04\/blog-miniaturki-13.png","contentUrl":"https:\/\/ecla.com.pl\/blog\/wp-content\/uploads\/2026\/04\/blog-miniaturki-13.png","width":800,"height":662},{"@type":"WebPage","@id":"https:\/\/ecla.com.pl\/blog\/prezent-na-dzien-mamy-perla-i-turmalin.html#webpage","url":"https:\/\/ecla.com.pl\/blog\/prezent-na-dzien-mamy-perla-i-turmalin.html","name":"Per\u0142y dla klasy, turmalin dla ochrony \u2013 idealny duet w prezencie na Dzie\u0144 Mamy - Ecla - Blog","isPartOf":{"@id":"https:\/\/ecla.com.pl\/blog\/#website"},"primaryImageOfPage":{"@id":"https:\/\/ecla.com.pl\/blog\/prezent-na-dzien-mamy-perla-i-turmalin.html#primaryimage"},"datePublished":"2026-04-23T15:00:00+00:00","dateModified":"2026-04-24T07:48:56+00:00","description":"Odkryj bi\u017cuteri\u0119 z per\u0142ami i turmalinem na Dzie\u0144 Mamy. Elegancki i symboliczny prezent dla wyj\u0105tkowej kobiety.","breadcrumb":{"@id":"https:\/\/ecla.com.pl\/blog\/prezent-na-dzien-mamy-perla-i-turmalin.html#breadcrumb"},"inLanguage":"pl-PL","potentialAction":[{"@type":"ReadAction","target":["https:\/\/ecla.com.pl\/blog\/prezent-na-dzien-mamy-perla-i-turmalin.html"]}]},{"@type":"BreadcrumbList","@id":"https:\/\/ecla.com.pl\/blog\/prezent-na-dzien-mamy-perla-i-turmalin.html#breadcrumb","itemListElement":[{"@type":"ListItem","position":1,"name":"Blog","item":"https:\/\/ecla.com.pl\/blog\/"},{"@type":"ListItem","position":2,"name":"Per\u0142y dla klasy, turmalin dla ochrony \u2013 idealny duet w prezencie na Dzie\u0144 Mamy"}]},{"@type":"Article","@id":"https:\/\/ecla.com.pl\/blog\/prezent-na-dzien-mamy-perla-i-turmalin.html#article","isPartOf":{"@id":"https:\/\/ecla.com.pl\/blog\/prezent-na-dzien-mamy-perla-i-turmalin.html#webpage"},"author":{"@id":"https:\/\/ecla.com.pl\/blog\/#\/schema\/person\/764ee9c9be78e6ca56ac7a0f3369f714"},"headline":"Per\u0142y dla klasy, turmalin dla ochrony \u2013 idealny duet w prezencie na Dzie\u0144 Mamy","datePublished":"2026-04-23T15:00:00+00:00","dateModified":"2026-04-24T07:48:56+00:00","mainEntityOfPage":{"@id":"https:\/\/ecla.com.pl\/blog\/prezent-na-dzien-mamy-perla-i-turmalin.html#webpage"},"wordCount":897,"publisher":{"@id":"https:\/\/ecla.com.pl\/blog\/#organization"},"image":{"@id":"https:\/\/ecla.com.pl\/blog\/prezent-na-dzien-mamy-perla-i-turmalin.html#primaryimage"},"thumbnailUrl":"https:\/\/ecla.com.pl\/blog\/wp-content\/uploads\/2026\/04\/blog-miniaturki-13.png","keywords":["bi\u017cuteria","bransoletka","dzie\u0144 mamy","kamienie naturalne","kolczyki","moda","ochrona","per\u0142a","prezent","prezent na dzie\u0144 mamy","srebrna bi\u017cuteria"],"articleSection":["Na prezent"],"inLanguage":"pl-PL"},{"@type":"Person","@id":"https:\/\/ecla.com.pl\/blog\/#\/schema\/person\/764ee9c9be78e6ca56ac7a0f3369f714","name":"Urszula Lisowska","image":{"@type":"ImageObject","inLanguage":"pl-PL","@id":"https:\/\/ecla.com.pl\/blog\/#\/schema\/person\/image\/","url":"https:\/\/secure.gravatar.com\/avatar\/945c2867f3de3ddbc2672c756645a334?s=96&d=mm&r=g","contentUrl":"https:\/\/secure.gravatar.com\/avatar\/945c2867f3de3ddbc2672c756645a334?s=96&d=mm&r=g","caption":"Urszula Lisowska"},"url":"https:\/\/ecla.com.pl\/blog\/author\/urszula-lisowska"}]}},"_links":{"self":[{"href":"https:\/\/ecla.com.pl\/blog\/wp-json\/wp\/v2\/posts\/2721"}],"collection":[{"href":"https:\/\/ecla.com.pl\/blog\/wp-json\/wp\/v2\/posts"}],"about":[{"href":"https:\/\/ecla.com.pl\/blog\/wp-json\/wp\/v2\/types\/post"}],"author":[{"embeddable":true,"href":"https:\/\/ecla.com.pl\/blog\/wp-json\/wp\/v2\/users\/14"}],"replies":[{"embeddable":true,"href":"https:\/\/ecla.com.pl\/blog\/wp-json\/wp\/v2\/comments?post=2721"}],"version-history":[{"count":3,"href":"https:\/\/ecla.com.pl\/blog\/wp-json\/wp\/v2\/posts\/2721\/revisions"}],"predecessor-version":[{"id":2737,"href":"https:\/\/ecla.com.pl\/blog\/wp-json\/wp\/v2\/posts\/2721\/revisions\/2737"}],"wp:featuredmedia":[{"embeddable":true,"href":"https:\/\/ecla.com.pl\/blog\/wp-json\/wp\/v2\/media\/2734"}],"wp:attachment":[{"href":"https:\/\/ecla.com.pl\/blog\/wp-json\/wp\/v2\/media?parent=2721"}],"wp:term":[{"taxonomy":"category","embeddable":true,"href":"https:\/\/ecla.com.pl\/blog\/wp-json\/wp\/v2\/categories?post=2721"},{"taxonomy":"post_tag","embeddable":true,"href":"https:\/\/ecla.com.pl\/blog\/wp-json\/wp\/v2\/tags?post=2721"}],"curies":[{"name":"wp","href":"https:\/\/api.w.org\/{rel}","templated":true}]}}