{"id":2710,"date":"2026-04-21T17:00:00","date_gmt":"2026-04-21T15:00:00","guid":{"rendered":"https:\/\/ecla.com.pl\/blog\/?p=2710"},"modified":"2026-04-20T13:55:27","modified_gmt":"2026-04-20T11:55:27","slug":"bizuteria-z-kamieni-naturalnych-na-stres-i-wyciszenie","status":"publish","type":"post","link":"https:\/\/ecla.com.pl\/blog\/bizuteria-z-kamieni-naturalnych-na-stres-i-wyciszenie.html","title":{"rendered":"<strong>Bi\u017cuteria z kamieni naturalnych na stres \u2014 jak bi\u017cuteria wspiera Twoje emocje<\/strong>"},"content":{"rendered":"\n<p>Stres, przebod\u017acowanie, napi\u0119cie, szybkie tempo \u017cycia i nadmiar obowi\u0105zk\u00f3w sprawiaj\u0105, \u017ce coraz cz\u0119\u015bciej szukamy ma\u0142ych rytua\u0142\u00f3w, kt\u00f3re pomagaj\u0105 odzyska\u0107 spok\u00f3j. W\u0142a\u015bnie dlatego ro\u015bnie zainteresowanie <strong><a href=\"https:\/\/ecla.com.pl\/187-kamienie-naturalne?kamien=krysztal-gorski,kwarc-dymny&amp;order=product.date_add.desc\">bi\u017cuteri\u0105 z kamieni naturalnych na stres<\/a><\/strong>, kt\u00f3ra \u0142\u0105czy estetyk\u0119, symbolik\u0119 i intencj\u0119. Dla wielu os\u00f3b <strong><a href=\"https:\/\/ecla.com.pl\/37-bransoletki-z-kamieniami-naturalnymi?kamien=krysztal-gorski,kwarc-dymny&amp;order=product.date_add.desc\">bransoletka z kamieni naturalnych na stres<\/a><\/strong> lub <strong><a href=\"https:\/\/ecla.com.pl\/70-naszyjniki-z-kamieniami-naturalnymi?kamien=krysztal-gorski,kwarc-dymny&amp;order=product.date_add.desc\">naszyjnik z kamieni naturalnych na wyciszenie<\/a><\/strong> staj\u0105 si\u0119 czym\u015b wi\u0119cej ni\u017c ozdob\u0105 \u2014 s\u0105 codziennym wsparciem emocjonalnym.<\/p>\n\n\n\n<p><strong><a href=\"https:\/\/ecla.com.pl\/187-kamienie-naturalne\">Bi\u017cuteria z kamieni naturalnych<\/a><\/strong> mo\u017ce towarzyszy\u0107 Ci przez ca\u0142y dzie\u0144 \u2014 w pracy, podczas trudnych rozm\u00f3w, w momentach napi\u0119cia i wtedy, gdy potrzebujesz wr\u00f3ci\u0107 do siebie. Kamienie takie jak <strong><a href=\"https:\/\/ecla.com.pl\/187-kamienie-naturalne?kamien=kwarc-dymny&amp;order=product.date_add.desc\">kwarc dymny<\/a><\/strong> czy <strong><a href=\"https:\/\/ecla.com.pl\/209-krysztal-gorski?order=product.date_add.desc\">kryszta\u0142 g\u00f3rski<\/a><\/strong> od dawna kojarzone s\u0105 z r\u00f3wnowag\u0105, ugruntowaniem, spokojem i wsparciem emocjonalnym.<\/p>\n\n\n\n<hr class=\"wp-block-separator\"\/>\n\n\n\n<div id=\"ez-toc-container\" class=\"ez-toc-v2_0_81 counter-hierarchy ez-toc-counter ez-toc-grey ez-toc-container-direction\">\n<div class=\"ez-toc-title-container\">\n<p class=\"ez-toc-title\" style=\"cursor:inherit\">Spis tre\u015bci<\/p>\n<span class=\"ez-toc-title-toggle\"><a href=\"#\" class=\"ez-toc-pull-right ez-toc-btn ez-toc-btn-xs ez-toc-btn-default ez-toc-toggle\" aria-label=\"Toggle Table of Content\"><span class=\"ez-toc-js-icon-con\"><span class=\"\"><span class=\"eztoc-hide\" style=\"display:none;\">Toggle<\/span><span class=\"ez-toc-icon-toggle-span\"><svg style=\"fill: #999;color:#999\" xmlns=\"http:\/\/www.w3.org\/2000\/svg\" class=\"list-377408\" width=\"20px\" height=\"20px\" viewBox=\"0 0 24 24\" fill=\"none\"><path d=\"M6 6H4v2h2V6zm14 0H8v2h12V6zM4 11h2v2H4v-2zm16 0H8v2h12v-2zM4 16h2v2H4v-2zm16 0H8v2h12v-2z\" fill=\"currentColor\"><\/path><\/svg><svg style=\"fill: #999;color:#999\" class=\"arrow-unsorted-368013\" xmlns=\"http:\/\/www.w3.org\/2000\/svg\" width=\"10px\" height=\"10px\" viewBox=\"0 0 24 24\" version=\"1.2\" baseProfile=\"tiny\"><path d=\"M18.2 9.3l-6.2-6.3-6.2 6.3c-.2.2-.3.4-.3.7s.1.5.3.7c.2.2.4.3.7.3h11c.3 0 .5-.1.7-.3.2-.2.3-.5.3-.7s-.1-.5-.3-.7zM5.8 14.7l6.2 6.3 6.2-6.3c.2-.2.3-.5.3-.7s-.1-.5-.3-.7c-.2-.2-.4-.3-.7-.3h-11c-.3 0-.5.1-.7.3-.2.2-.3.5-.3.7s.1.5.3.7z\"\/><\/svg><\/span><\/span><\/span><\/a><\/span><\/div>\n<nav><ul class='ez-toc-list ez-toc-list-level-1 ' ><ul class='ez-toc-list-level-2' ><li class='ez-toc-heading-level-2'><a class=\"ez-toc-link ez-toc-heading-1\" href=\"https:\/\/ecla.com.pl\/blog\/bizuteria-z-kamieni-naturalnych-na-stres-i-wyciszenie.html\/#Dlaczego_bizuteria_z_kamieni_naturalnych_pomaga_w_stresie\" >Dlaczego bi\u017cuteria z kamieni naturalnych pomaga w stresie?<\/a><\/li><\/ul><\/li><li class='ez-toc-page-1 ez-toc-heading-level-1'><a class=\"ez-toc-link ez-toc-heading-2\" href=\"https:\/\/ecla.com.pl\/blog\/bizuteria-z-kamieni-naturalnych-na-stres-i-wyciszenie.html\/#Bizuteria_z_kamieni_naturalnych_wspierajaca_emocje\" >Bi\u017cuteria z kamieni naturalnych wspieraj\u0105ca emocje<\/a><ul class='ez-toc-list-level-2' ><li class='ez-toc-heading-level-2'><a class=\"ez-toc-link ez-toc-heading-3\" href=\"https:\/\/ecla.com.pl\/blog\/bizuteria-z-kamieni-naturalnych-na-stres-i-wyciszenie.html\/#Naszyjnik_z_kwarcem_dymnym_granatem_i_hematytem_%E2%80%93_ugruntowanie_i_sila\" >Naszyjnik z kwarcem dymnym, granatem i hematytem &#8211; ugruntowanie i si\u0142a<\/a><\/li><li class='ez-toc-page-1 ez-toc-heading-level-2'><a class=\"ez-toc-link ez-toc-heading-4\" href=\"https:\/\/ecla.com.pl\/blog\/bizuteria-z-kamieni-naturalnych-na-stres-i-wyciszenie.html\/#Bransoletka_z_kwarcem_dymnym_malachitem_cytrynem_i_turmalinem_%E2%80%94_wsparcie_w_trudne_dni\" >Bransoletka z kwarcem dymnym, malachitem, cytrynem i turmalinem \u2014 wsparcie w trudne dni<\/a><\/li><li class='ez-toc-page-1 ez-toc-heading-level-2'><a class=\"ez-toc-link ez-toc-heading-5\" href=\"https:\/\/ecla.com.pl\/blog\/bizuteria-z-kamieni-naturalnych-na-stres-i-wyciszenie.html\/#Bransoletka_z_kwarcem_dymnym_granatem_i_hematytem_%E2%80%94_stabilizacja_emocjonalna\" >Bransoletka z kwarcem dymnym, granatem i hematytem \u2014 stabilizacja emocjonalna<\/a><\/li><li class='ez-toc-page-1 ez-toc-heading-level-2'><a class=\"ez-toc-link ez-toc-heading-6\" href=\"https:\/\/ecla.com.pl\/blog\/bizuteria-z-kamieni-naturalnych-na-stres-i-wyciszenie.html\/#Bransoletka_z_krysztalem_gorskim_morganitem_i_kunzytem_%E2%80%94_delikatnosc_dla_emocji\" >Bransoletka z kryszta\u0142em g\u00f3rskim, morganitem i kunzytem \u2014 delikatno\u015b\u0107 dla emocji<\/a><\/li><li class='ez-toc-page-1 ez-toc-heading-level-2'><a class=\"ez-toc-link ez-toc-heading-7\" href=\"https:\/\/ecla.com.pl\/blog\/bizuteria-z-kamieni-naturalnych-na-stres-i-wyciszenie.html\/#Naszyjnik_z_morganitem_krysztalem_gorskim_i_perlami_%E2%80%94_harmonia_i_spokoj\" >Naszyjnik z morganitem, kryszta\u0142em g\u00f3rskim i per\u0142ami \u2014 harmonia i spok\u00f3j<\/a><\/li><li class='ez-toc-page-1 ez-toc-heading-level-2'><a class=\"ez-toc-link ez-toc-heading-8\" href=\"https:\/\/ecla.com.pl\/blog\/bizuteria-z-kamieni-naturalnych-na-stres-i-wyciszenie.html\/#Naszyjnik_z_krysztalem_gorskim_i_rubinem_%E2%80%94_energia_kiedy_stres_odbiera_sily\" >Naszyjnik z kryszta\u0142em g\u00f3rskim i rubinem \u2014 energia, kiedy stres odbiera si\u0142y<\/a><\/li><li class='ez-toc-page-1 ez-toc-heading-level-2'><a class=\"ez-toc-link ez-toc-heading-9\" href=\"https:\/\/ecla.com.pl\/blog\/bizuteria-z-kamieni-naturalnych-na-stres-i-wyciszenie.html\/#Jak_wybrac_bizuterie_z_kamieni_naturalnych_na_stres\" >Jak wybra\u0107 bi\u017cuteri\u0119 z kamieni naturalnych na stres?<\/a><\/li><li class='ez-toc-page-1 ez-toc-heading-level-2'><a class=\"ez-toc-link ez-toc-heading-10\" href=\"https:\/\/ecla.com.pl\/blog\/bizuteria-z-kamieni-naturalnych-na-stres-i-wyciszenie.html\/#FAQ_%E2%80%93_najczestsze_pytania\" >FAQ \u2013 najcz\u0119stsze pytania<\/a><\/li><li class='ez-toc-page-1 ez-toc-heading-level-2'><a class=\"ez-toc-link ez-toc-heading-11\" href=\"https:\/\/ecla.com.pl\/blog\/bizuteria-z-kamieni-naturalnych-na-stres-i-wyciszenie.html\/#Podsumowanie\" >Podsumowanie<\/a><\/li><\/ul><\/li><\/ul><\/nav><\/div>\n<h2><span class=\"ez-toc-section\" id=\"Dlaczego_bizuteria_z_kamieni_naturalnych_pomaga_w_stresie\"><\/span><strong>Dlaczego bi\u017cuteria z kamieni naturalnych pomaga w stresie?<\/strong><span class=\"ez-toc-section-end\"><\/span><\/h2>\n\n\n\n<p>Noszona blisko cia\u0142a bi\u017cuteria z kamieniami mo\u017ce pe\u0142ni\u0107 funkcj\u0119 symbolicznej kotwicy. Sam dotyk bransoletki, spojrzenie na naszyjnik czy \u015bwiadomo\u015b\u0107 intencji przypisanej bi\u017cuterii potrafi\u0105 dzia\u0142a\u0107 koj\u0105co.<\/p>\n\n\n\n<p><strong><a href=\"https:\/\/ecla.com.pl\/187-kamienie-naturalne?kamien=krysztal-gorski,kwarc-dymny&amp;order=product.date_add.desc\">Bi\u017cuteria na stres<\/a><\/strong> jest wybierana, poniewa\u017c mo\u017ce wspiera\u0107:<\/p>\n\n\n\n<ul><li>wyciszenie emocji,<\/li><li>poczucie bezpiecze\u0144stwa,<\/li><li>redukcj\u0119 napi\u0119cia,<\/li><li>wi\u0119ksz\u0105 uwa\u017cno\u015b\u0107,<\/li><li>budowanie osobistych rytua\u0142\u00f3w spokoju.<\/li><\/ul>\n\n\n\n<p>Coraz wi\u0119cej kobiet wybiera <strong><a href=\"https:\/\/ecla.com.pl\/37-bransoletki-z-kamieniami-naturalnymi?kamien=krysztal-gorski,kwarc-dymny&amp;order=product.date_add.desc\">bransoletki z kamieni naturalnych na stres<\/a><\/strong>, <strong><a href=\"https:\/\/ecla.com.pl\/70-naszyjniki-z-kamieniami-naturalnymi?kamien=krysztal-gorski,kwarc-dymny&amp;order=product.date_add.desc\">naszyjniki z kamieni na wyciszenie<\/a><\/strong> traktuj\u0105c j\u0105 jako element codziennego dobrostanu.<\/p>\n\n\n\n<hr class=\"wp-block-separator\"\/>\n\n\n\n<h1><span class=\"ez-toc-section\" id=\"Bizuteria_z_kamieni_naturalnych_wspierajaca_emocje\"><\/span><strong>Bi\u017cuteria z kamieni naturalnych wspieraj\u0105ca emocje <\/strong><span class=\"ez-toc-section-end\"><\/span><\/h1>\n\n\n\n<h2><span class=\"ez-toc-section\" id=\"Naszyjnik_z_kwarcem_dymnym_granatem_i_hematytem_%E2%80%93_ugruntowanie_i_sila\"><\/span><strong><a href=\"https:\/\/ecla.com.pl\/2828-784-naszyjnik-pozlacany-z-kwarcem-dymnym-granatem-i-hematytem-mila.html\">Naszyjnik z kwarcem dymnym, granatem i hematytem &#8211; ugruntowanie i si\u0142a<\/a><\/strong><span class=\"ez-toc-section-end\"><\/span><\/h2>\n\n\n\n<figure class=\"wp-block-image size-full\"><a href=\"https:\/\/ecla.com.pl\/2828-784-naszyjnik-pozlacany-z-kwarcem-dymnym-granatem-i-hematytem-mila.html\"><img loading=\"lazy\" width=\"800\" height=\"800\" src=\"https:\/\/ecla.com.pl\/blog\/wp-content\/uploads\/2026\/04\/naszyjnik-pozlacany-z-kwarcem-dymnym-granatem-i-hematytem-mila.jpg\" alt=\"\" class=\"wp-image-2712\" srcset=\"https:\/\/ecla.com.pl\/blog\/wp-content\/uploads\/2026\/04\/naszyjnik-pozlacany-z-kwarcem-dymnym-granatem-i-hematytem-mila.jpg 800w, https:\/\/ecla.com.pl\/blog\/wp-content\/uploads\/2026\/04\/naszyjnik-pozlacany-z-kwarcem-dymnym-granatem-i-hematytem-mila-300x300.jpg 300w, https:\/\/ecla.com.pl\/blog\/wp-content\/uploads\/2026\/04\/naszyjnik-pozlacany-z-kwarcem-dymnym-granatem-i-hematytem-mila-150x150.jpg 150w, https:\/\/ecla.com.pl\/blog\/wp-content\/uploads\/2026\/04\/naszyjnik-pozlacany-z-kwarcem-dymnym-granatem-i-hematytem-mila-768x768.jpg 768w, https:\/\/ecla.com.pl\/blog\/wp-content\/uploads\/2026\/04\/naszyjnik-pozlacany-z-kwarcem-dymnym-granatem-i-hematytem-mila-75x75.jpg 75w\" sizes=\"(max-width: 800px) 100vw, 800px\" \/><\/a><figcaption><a href=\"https:\/\/ecla.com.pl\/2828-784-naszyjnik-pozlacany-z-kwarcem-dymnym-granatem-i-hematytem-mila.html\">Naszyjnik srebrny poz\u0142acany z kwarcem dymnym, granatem i hematytem MILA<\/a><\/figcaption><\/figure>\n\n\n\n<p>Wyj\u0105tkowy<a href=\"https:\/\/ecla.com.pl\/2828-784-naszyjnik-pozlacany-z-kwarcem-dymnym-granatem-i-hematytem-mila.html\"> <strong>naszyjnik poz\u0142acany z kwarcem dymnym granatem i hematytem<\/strong><\/a> to doskona\u0142y przyk\u0142ad <strong><a href=\"https:\/\/ecla.com.pl\/70-naszyjniki-z-kamieniami-naturalnymi?kamien=krysztal-gorski,kwarc-dymny&amp;order=product.date_add.desc\">naszyjnika z kamieni naturalnych na stres i emocje<\/a><\/strong>. Kwarc dymny kojarzony jest z ugruntowaniem i redukcj\u0105 napi\u0119cia, dlatego cz\u0119sto wybieraj\u0105 go osoby \u017cyj\u0105ce pod presj\u0105. Granat symbolicznie wspiera si\u0142\u0119 wewn\u0119trzn\u0105 i odwag\u0119, a hematyt pomaga wraca\u0107 do r\u00f3wnowagi.<\/p>\n\n\n\n<p>To <strong><a href=\"https:\/\/ecla.com.pl\/187-kamienie-naturalne?kamien=kwarc-dymny&amp;order=product.date_add.desc\">bi\u017cuteria z kwarcem dymnym na stres<\/a><\/strong>, kt\u00f3r\u0105 mo\u017cna nosi\u0107 ka\u017cdego dnia jako subtelny talizman spokoju. Delikatna forma sprawia, \u017ce naszyjnik \u015bwietnie komponuje si\u0119 z codzienn\u0105 garderob\u0105. To propozycja dla kobiet, kt\u00f3re chc\u0105 \u0142\u0105czy\u0107 elegancj\u0119 z symbolicznym znaczeniem.<\/p>\n\n\n\n<hr class=\"wp-block-separator\"\/>\n\n\n\n<h2><span class=\"ez-toc-section\" id=\"Bransoletka_z_kwarcem_dymnym_malachitem_cytrynem_i_turmalinem_%E2%80%94_wsparcie_w_trudne_dni\"><\/span><strong><a href=\"https:\/\/ecla.com.pl\/2824-908-bransoletka-srebrna-zlocona-z-kamieni-naturalnych-turmalin-malachit-cytryn-kwarc-dymny-hematyt-zywioly.html\">Bransoletka z kwarcem dymnym, malachitem, cytrynem i turmalinem \u2014 wsparcie w trudne dni<\/a><\/strong><span class=\"ez-toc-section-end\"><\/span><\/h2>\n\n\n\n<figure class=\"wp-block-image size-full\"><a href=\"https:\/\/ecla.com.pl\/2824-908-bransoletka-srebrna-zlocona-z-kamieni-naturalnych-turmalin-malachit-cytryn-kwarc-dymny-hematyt-zywioly.html\"><img loading=\"lazy\" width=\"800\" height=\"800\" src=\"https:\/\/ecla.com.pl\/blog\/wp-content\/uploads\/2026\/04\/bransoletka-srebrna-zlocona-z-kamieni-naturalnych-turmalin-malachit-cytryn-kwarc-dymny-hematyt-zywioly.jpg\" alt=\"\" class=\"wp-image-2713\" srcset=\"https:\/\/ecla.com.pl\/blog\/wp-content\/uploads\/2026\/04\/bransoletka-srebrna-zlocona-z-kamieni-naturalnych-turmalin-malachit-cytryn-kwarc-dymny-hematyt-zywioly.jpg 800w, https:\/\/ecla.com.pl\/blog\/wp-content\/uploads\/2026\/04\/bransoletka-srebrna-zlocona-z-kamieni-naturalnych-turmalin-malachit-cytryn-kwarc-dymny-hematyt-zywioly-300x300.jpg 300w, https:\/\/ecla.com.pl\/blog\/wp-content\/uploads\/2026\/04\/bransoletka-srebrna-zlocona-z-kamieni-naturalnych-turmalin-malachit-cytryn-kwarc-dymny-hematyt-zywioly-150x150.jpg 150w, https:\/\/ecla.com.pl\/blog\/wp-content\/uploads\/2026\/04\/bransoletka-srebrna-zlocona-z-kamieni-naturalnych-turmalin-malachit-cytryn-kwarc-dymny-hematyt-zywioly-768x768.jpg 768w, https:\/\/ecla.com.pl\/blog\/wp-content\/uploads\/2026\/04\/bransoletka-srebrna-zlocona-z-kamieni-naturalnych-turmalin-malachit-cytryn-kwarc-dymny-hematyt-zywioly-75x75.jpg 75w\" sizes=\"(max-width: 800px) 100vw, 800px\" \/><\/a><figcaption><a href=\"https:\/\/ecla.com.pl\/2824-908-bransoletka-srebrna-zlocona-z-kamieni-naturalnych-turmalin-malachit-cytryn-kwarc-dymny-hematyt-zywioly.html\">Bransoletka srebrna z\u0142ocona z kamieni naturalnych Turmalin Malachit Cytryn Kwarc Dymny Hematyt \u017bywio\u0142y<\/a><\/figcaption><\/figure>\n\n\n\n<p>Wyj\u0105tkowa <strong><a href=\"https:\/\/ecla.com.pl\/2824-908-bransoletka-srebrna-zlocona-z-kamieni-naturalnych-turmalin-malachit-cytryn-kwarc-dymny-hematyt-zywioly.html\">bransoletka z kamieni naturalnych &#8211; kwarc dymny, turmalin, malachit<\/a> <\/strong>to bardzo mocna energetycznie <a href=\"https:\/\/ecla.com.pl\/37-bransoletki-z-kamieniami-naturalnymi?kamien=krysztal-gorski,kwarc-dymny&amp;order=product.date_add.desc\"><strong>bransoletka z kamieni naturalnych na stres<\/strong>.<\/a> Turmalin kojarzony jest z ochron\u0105, malachit z transformacj\u0105 emocji, cytryn z lekko\u015bci\u0105 i optymizmem, a kwarc dymny z uziemieniem.<\/p>\n\n\n\n<p>To jedna z tych <strong><a href=\"https:\/\/ecla.com.pl\/37-bransoletki-z-kamieniami-naturalnymi\">bransoletek z minera\u0142ami<\/a><\/strong>, kt\u00f3re maj\u0105 wielowymiarowy charakter. Mo\u017cna traktowa\u0107 j\u0105 jako wsparcie w okresach napi\u0119cia, zmian lub emocjonalnego przeci\u0105\u017cenia. To r\u00f3wnie\u017c pi\u0119kna <strong><a href=\"https:\/\/ecla.com.pl\/58-bizuteria?kamien=malachit,turmalin\">bi\u017cuteria z turmalinem i malachitem<\/a><\/strong>, kt\u00f3ra wyr\u00f3\u017cnia si\u0119 kolorystyk\u0105 i znaczeniem.<\/p>\n\n\n\n<hr class=\"wp-block-separator\"\/>\n\n\n\n<h2><span class=\"ez-toc-section\" id=\"Bransoletka_z_kwarcem_dymnym_granatem_i_hematytem_%E2%80%94_stabilizacja_emocjonalna\"><\/span><strong><a href=\"https:\/\/ecla.com.pl\/2835-800-bransoletka-srebrna-pozlacana-z-granatem-kwarcem-dymnym-i-hematytem-mokka.html\">Bransoletka z kwarcem dymnym, granatem i hematytem \u2014 stabilizacja emocjonalna<\/a><\/strong><span class=\"ez-toc-section-end\"><\/span><\/h2>\n\n\n\n<figure class=\"wp-block-image size-full\"><a href=\"https:\/\/ecla.com.pl\/2835-800-bransoletka-srebrna-pozlacana-z-granatem-kwarcem-dymnym-i-hematytem-mokka.html\"><img loading=\"lazy\" width=\"800\" height=\"800\" src=\"https:\/\/ecla.com.pl\/blog\/wp-content\/uploads\/2026\/04\/bransoletka-srebrna-pozlacana-z-granatem-kwarcem-dymnym-i-hematytem-mokka-1.jpg\" alt=\"\" class=\"wp-image-2714\" srcset=\"https:\/\/ecla.com.pl\/blog\/wp-content\/uploads\/2026\/04\/bransoletka-srebrna-pozlacana-z-granatem-kwarcem-dymnym-i-hematytem-mokka-1.jpg 800w, https:\/\/ecla.com.pl\/blog\/wp-content\/uploads\/2026\/04\/bransoletka-srebrna-pozlacana-z-granatem-kwarcem-dymnym-i-hematytem-mokka-1-300x300.jpg 300w, https:\/\/ecla.com.pl\/blog\/wp-content\/uploads\/2026\/04\/bransoletka-srebrna-pozlacana-z-granatem-kwarcem-dymnym-i-hematytem-mokka-1-150x150.jpg 150w, https:\/\/ecla.com.pl\/blog\/wp-content\/uploads\/2026\/04\/bransoletka-srebrna-pozlacana-z-granatem-kwarcem-dymnym-i-hematytem-mokka-1-768x768.jpg 768w, https:\/\/ecla.com.pl\/blog\/wp-content\/uploads\/2026\/04\/bransoletka-srebrna-pozlacana-z-granatem-kwarcem-dymnym-i-hematytem-mokka-1-75x75.jpg 75w\" sizes=\"(max-width: 800px) 100vw, 800px\" \/><\/a><figcaption><a href=\"https:\/\/ecla.com.pl\/2835-800-bransoletka-srebrna-pozlacana-z-granatem-kwarcem-dymnym-i-hematytem-mokka.html\">Bransoletka srebrna poz\u0142acana z granatem, kwarcem dymnym i hematytem MOKKA<\/a><\/figcaption><\/figure>\n\n\n\n<p>Subtelna<a href=\"https:\/\/ecla.com.pl\/2835-800-bransoletka-srebrna-pozlacana-z-granatem-kwarcem-dymnym-i-hematytem-mokka.html\"> <strong>bransoletka z kwarcem dymnym, granatem i hematytem<\/strong><\/a><strong> <\/strong>to propozycja dla os\u00f3b, kt\u00f3re szukaj\u0105 prostszej, ale bardzo znacz\u0105cej formy. To<a href=\"https:\/\/ecla.com.pl\/37-bransoletki-z-kamieniami-naturalnymi?kamien=kwarc-dymny&amp;order=product.date_add.desc\"> <strong>bransoletka z kwarcem dymnym na stres<\/strong><\/a>, kt\u00f3ra mo\u017ce wspiera\u0107 si\u0142\u0119 emocjonaln\u0105 i wi\u0119kszy spok\u00f3j.<\/p>\n\n\n\n<p>Po\u0142\u0105czenie granatu, hematytu i kwarcu dymnego sprawia, \u017ce ta <strong><a href=\"https:\/\/ecla.com.pl\/37-bransoletki-z-kamieniami-naturalnymi?kamien=krysztal-gorski,kwarc-dymny&amp;order=product.date_add.desc\">bransoletka z kamieni naturalnych na wyciszenie<\/a><\/strong> doskonale wpisuje si\u0119 w ide\u0119 codziennego wsparcia. Jest minimalistyczna, elegancka i bardzo uniwersalna.<\/p>\n\n\n\n<hr class=\"wp-block-separator\"\/>\n\n\n\n<h2><span class=\"ez-toc-section\" id=\"Bransoletka_z_krysztalem_gorskim_morganitem_i_kunzytem_%E2%80%94_delikatnosc_dla_emocji\"><\/span><strong><a href=\"https:\/\/ecla.com.pl\/1040-bransoletka-z-kamieni-naturalnych-na-dzien-matki-morganit-kunzyt-krysztal-gorski.html\">Bransoletka z kryszta\u0142em g\u00f3rskim, morganitem i kunzytem \u2014 delikatno\u015b\u0107 dla emocji<\/a><\/strong><span class=\"ez-toc-section-end\"><\/span><\/h2>\n\n\n\n<figure class=\"wp-block-image size-full\"><a href=\"https:\/\/ecla.com.pl\/1040-bransoletka-z-kamieni-naturalnych-na-dzien-matki-morganit-kunzyt-krysztal-gorski.html\"><img loading=\"lazy\" width=\"800\" height=\"800\" src=\"https:\/\/ecla.com.pl\/blog\/wp-content\/uploads\/2026\/04\/bransoletka-z-kamieni-naturalnych-na-dzien-matki-morganit-kunzyt-krysztal-gorski-1-1.jpg\" alt=\"\" class=\"wp-image-2716\" srcset=\"https:\/\/ecla.com.pl\/blog\/wp-content\/uploads\/2026\/04\/bransoletka-z-kamieni-naturalnych-na-dzien-matki-morganit-kunzyt-krysztal-gorski-1-1.jpg 800w, https:\/\/ecla.com.pl\/blog\/wp-content\/uploads\/2026\/04\/bransoletka-z-kamieni-naturalnych-na-dzien-matki-morganit-kunzyt-krysztal-gorski-1-1-300x300.jpg 300w, https:\/\/ecla.com.pl\/blog\/wp-content\/uploads\/2026\/04\/bransoletka-z-kamieni-naturalnych-na-dzien-matki-morganit-kunzyt-krysztal-gorski-1-1-150x150.jpg 150w, https:\/\/ecla.com.pl\/blog\/wp-content\/uploads\/2026\/04\/bransoletka-z-kamieni-naturalnych-na-dzien-matki-morganit-kunzyt-krysztal-gorski-1-1-768x768.jpg 768w, https:\/\/ecla.com.pl\/blog\/wp-content\/uploads\/2026\/04\/bransoletka-z-kamieni-naturalnych-na-dzien-matki-morganit-kunzyt-krysztal-gorski-1-1-75x75.jpg 75w\" sizes=\"(max-width: 800px) 100vw, 800px\" \/><\/a><figcaption><a href=\"https:\/\/ecla.com.pl\/1040-bransoletka-z-kamieni-naturalnych-na-dzien-matki-morganit-kunzyt-krysztal-gorski.html\">Bransoletka srebrna z\u0142ocona z kamieni naturalnych DLA MAMY Morganit Kunzyt Kryszta\u0142 g\u00f3rski<\/a><\/figcaption><\/figure>\n\n\n\n<p>Pi\u0119kna <strong><a href=\"https:\/\/ecla.com.pl\/1040-bransoletka-z-kamieni-naturalnych-na-dzien-matki-morganit-kunzyt-krysztal-gorski.html\">bransoletka z kamieni naturalnych &#8211; kryszta\u0142 g\u00f3rski, morganit i kunzyt<\/a><\/strong> to niezwykle subtelna <strong><a href=\"https:\/\/ecla.com.pl\/187-kamienie-naturalne?kamien=krysztal-gorski,kwarc-dymny&amp;order=product.date_add.desc\">bransoletka z kamieni naturalnych na emocje<\/a><\/strong>. Morganit i kunzyt cz\u0119sto kojarzone s\u0105 z \u0142agodno\u015bci\u0105, czu\u0142o\u015bci\u0105 i wsparciem serca, a kryszta\u0142 g\u00f3rski harmonizuje energi\u0119.<\/p>\n\n\n\n<p>To idealna <strong><a href=\"https:\/\/ecla.com.pl\/58-bizuteria?kamien=morganit\">bi\u017cuteria z morganitem na stres<\/a><\/strong>, szczeg\u00f3lnie dla os\u00f3b wysoko wra\u017cliwych. Delikatna kolorystyka tej bransoletki dodatkowo dzia\u0142a koj\u0105co wizualnie. To pi\u0119kny wyb\u00f3r dla kobiet, kt\u00f3re szukaj\u0105 mi\u0119kkiej, wspieraj\u0105cej energii.<\/p>\n\n\n\n<hr class=\"wp-block-separator\"\/>\n\n\n\n<h2><span class=\"ez-toc-section\" id=\"Naszyjnik_z_morganitem_krysztalem_gorskim_i_perlami_%E2%80%94_harmonia_i_spokoj\"><\/span><strong><a href=\"https:\/\/ecla.com.pl\/2246-naszyjnik-kamienie-naturalne-morganit-krysztal-gorski-perly-pastelove.html\">Naszyjnik z morganitem, kryszta\u0142em g\u00f3rskim i per\u0142ami \u2014 harmonia i spok\u00f3j<\/a><\/strong><span class=\"ez-toc-section-end\"><\/span><\/h2>\n\n\n\n<figure class=\"wp-block-image size-full\"><a href=\"https:\/\/ecla.com.pl\/2246-naszyjnik-kamienie-naturalne-morganit-krysztal-gorski-perly-pastelove.html\"><img loading=\"lazy\" width=\"800\" height=\"800\" src=\"https:\/\/ecla.com.pl\/blog\/wp-content\/uploads\/2026\/04\/naszyjnik-kamienie-naturalne-morganit-krysztal-gorski-perly-pastelove.jpg\" alt=\"\" class=\"wp-image-2717\" srcset=\"https:\/\/ecla.com.pl\/blog\/wp-content\/uploads\/2026\/04\/naszyjnik-kamienie-naturalne-morganit-krysztal-gorski-perly-pastelove.jpg 800w, https:\/\/ecla.com.pl\/blog\/wp-content\/uploads\/2026\/04\/naszyjnik-kamienie-naturalne-morganit-krysztal-gorski-perly-pastelove-300x300.jpg 300w, https:\/\/ecla.com.pl\/blog\/wp-content\/uploads\/2026\/04\/naszyjnik-kamienie-naturalne-morganit-krysztal-gorski-perly-pastelove-150x150.jpg 150w, https:\/\/ecla.com.pl\/blog\/wp-content\/uploads\/2026\/04\/naszyjnik-kamienie-naturalne-morganit-krysztal-gorski-perly-pastelove-768x768.jpg 768w, https:\/\/ecla.com.pl\/blog\/wp-content\/uploads\/2026\/04\/naszyjnik-kamienie-naturalne-morganit-krysztal-gorski-perly-pastelove-75x75.jpg 75w\" sizes=\"(max-width: 800px) 100vw, 800px\" \/><\/a><figcaption><a href=\"https:\/\/ecla.com.pl\/2246-naszyjnik-kamienie-naturalne-morganit-krysztal-gorski-perly-pastelove.html\">Naszyjnik srebrny z\u0142ocony z kamieni naturalnych Morganit Kryszta\u0142 g\u00f3rski Per\u0142y Pastelove<\/a><\/figcaption><\/figure>\n\n\n\n<p>Elegancki <strong><a href=\"https:\/\/ecla.com.pl\/2246-naszyjnik-kamienie-naturalne-morganit-krysztal-gorski-perly-pastelove.html\">naszyjnik kamienie naturalne kryszta\u0142 g\u00f3rski, morganit i per\u0142y<\/a><\/strong> to wyj\u0105tkowy <strong><a href=\"https:\/\/ecla.com.pl\/70-naszyjniki-z-kamieniami-naturalnymi?kamien=krysztal-gorski,kwarc-dymny&amp;order=product.date_add.desc\">naszyjnik z kamieni naturalnych na wyciszenie<\/a><\/strong>, kt\u00f3ry \u0142\u0105czy kilka bardzo harmonijnych energii. Morganit wspiera emocjonaln\u0105 mi\u0119kko\u015b\u0107, per\u0142y kojarzone s\u0105 ze spokojem, a kryszta\u0142 g\u00f3rski wzmacnia r\u00f3wnowag\u0119.<\/p>\n\n\n\n<p>To bi\u017cuteria, kt\u00f3ra doskonale sprawdzi si\u0119 jako codzienny naszyjnik dla os\u00f3b szukaj\u0105cych ukojenia. Jest subtelna, kobieca i bardzo sp\u00f3jna energetycznie.<\/p>\n\n\n\n<hr class=\"wp-block-separator\"\/>\n\n\n\n<h2><span class=\"ez-toc-section\" id=\"Naszyjnik_z_krysztalem_gorskim_i_rubinem_%E2%80%94_energia_kiedy_stres_odbiera_sily\"><\/span><strong><a href=\"https:\/\/ecla.com.pl\/2408-naszyjnik-sznurkowy-srebrny-zlocony-z-kamieni-naturalnych-rubin-krysztal-gorski-ogien-elements.html\">Naszyjnik z kryszta\u0142em g\u00f3rskim i rubinem \u2014 energia, kiedy stres odbiera si\u0142y<\/a><\/strong><span class=\"ez-toc-section-end\"><\/span><\/h2>\n\n\n\n<figure class=\"wp-block-image size-full\"><a href=\"https:\/\/ecla.com.pl\/2408-naszyjnik-sznurkowy-srebrny-zlocony-z-kamieni-naturalnych-rubin-krysztal-gorski-ogien-elements.html\"><img loading=\"lazy\" width=\"800\" height=\"800\" src=\"https:\/\/ecla.com.pl\/blog\/wp-content\/uploads\/2026\/04\/naszyjnik-sznurkowy-srebrny-zlocony-z-kamieni-naturalnych-rubin-krysztal-gorski-ogien-elements.jpg\" alt=\"\" class=\"wp-image-2718\" srcset=\"https:\/\/ecla.com.pl\/blog\/wp-content\/uploads\/2026\/04\/naszyjnik-sznurkowy-srebrny-zlocony-z-kamieni-naturalnych-rubin-krysztal-gorski-ogien-elements.jpg 800w, https:\/\/ecla.com.pl\/blog\/wp-content\/uploads\/2026\/04\/naszyjnik-sznurkowy-srebrny-zlocony-z-kamieni-naturalnych-rubin-krysztal-gorski-ogien-elements-300x300.jpg 300w, https:\/\/ecla.com.pl\/blog\/wp-content\/uploads\/2026\/04\/naszyjnik-sznurkowy-srebrny-zlocony-z-kamieni-naturalnych-rubin-krysztal-gorski-ogien-elements-150x150.jpg 150w, https:\/\/ecla.com.pl\/blog\/wp-content\/uploads\/2026\/04\/naszyjnik-sznurkowy-srebrny-zlocony-z-kamieni-naturalnych-rubin-krysztal-gorski-ogien-elements-768x768.jpg 768w, https:\/\/ecla.com.pl\/blog\/wp-content\/uploads\/2026\/04\/naszyjnik-sznurkowy-srebrny-zlocony-z-kamieni-naturalnych-rubin-krysztal-gorski-ogien-elements-75x75.jpg 75w\" sizes=\"(max-width: 800px) 100vw, 800px\" \/><\/a><figcaption><a href=\"https:\/\/ecla.com.pl\/2408-naszyjnik-sznurkowy-srebrny-zlocony-z-kamieni-naturalnych-rubin-krysztal-gorski-ogien-elements.html\">Naszyjnik sznurkowy srebrny z\u0142ocony z kamieni naturalnych Rubin Kryszta\u0142 g\u00f3rski OGIE\u0143 Elements<\/a><\/figcaption><\/figure>\n\n\n\n<p>Wyrazisty <strong><a href=\"https:\/\/ecla.com.pl\/2408-naszyjnik-sznurkowy-srebrny-zlocony-z-kamieni-naturalnych-rubin-krysztal-gorski-ogien-elements.html\">naszyjnik sznurkowy z kamieni naturalnych kryszta\u0142 g\u00f3rski i rubin<\/a><\/strong> to ciekawa propozycja, gdy stres nie objawia si\u0119 napi\u0119ciem, ale spadkiem energii. Rubin kojarzony jest z si\u0142\u0105 \u017cyciow\u0105 i odwag\u0105, a kryszta\u0142 g\u00f3rski wspiera klarowno\u015b\u0107.<\/p>\n\n\n\n<p>To<a href=\"https:\/\/ecla.com.pl\/2408-naszyjnik-sznurkowy-srebrny-zlocony-z-kamieni-naturalnych-rubin-krysztal-gorski-ogien-elements.html\"> <strong>naszyjnik<\/strong>,<\/a> kt\u00f3ry mo\u017ce by\u0107 symbolicznym wsparciem, kiedy potrzebujesz odzyska\u0107 ogie\u0144 do dzia\u0142ania. To bardzo ciekawy balans pomi\u0119dzy spokojem, a moc\u0105.<\/p>\n\n\n\n<hr class=\"wp-block-separator\"\/>\n\n\n\n<h2><span class=\"ez-toc-section\" id=\"Jak_wybrac_bizuterie_z_kamieni_naturalnych_na_stres\"><\/span><strong>Jak wybra\u0107 bi\u017cuteri\u0119 z kamieni naturalnych na stres?<\/strong><span class=\"ez-toc-section-end\"><\/span><\/h2>\n\n\n\n<p>Wybieraj\u0105c <a href=\"https:\/\/ecla.com.pl\/187-kamienie-naturalne?kamien=krysztal-gorski,kwarc-dymny&amp;order=product.date_add.desc\"><strong>bi\u017cuteri\u0119 na stres i emocje<\/strong>,<\/a> zwr\u00f3\u0107 uwag\u0119 na:<\/p>\n\n\n\n<ul><li>kamienie, kt\u00f3rych symbolika rezonuje z Twoimi potrzebami,<\/li><li>czy szukasz wyciszenia, ochrony czy energii,<\/li><li>czy bli\u017csza jest Ci <strong><a href=\"https:\/\/ecla.com.pl\/37-bransoletki-z-kamieniami-naturalnymi?order=product.date_add.desc\">bransoletka z kamieni naturalnych<\/a><\/strong>, czy <strong><a href=\"https:\/\/ecla.com.pl\/70-naszyjniki-z-kamieniami-naturalnymi?order=product.date_add.desc\">naszyjnik z minera\u0142ami<\/a><\/strong>,<\/li><li>intuicj\u0119 \u2014 bardzo cz\u0119sto to ona prowadzi najlepiej.<\/li><\/ul>\n\n\n\n<hr class=\"wp-block-separator\"\/>\n\n\n\n<h2><span class=\"ez-toc-section\" id=\"FAQ_%E2%80%93_najczestsze_pytania\"><\/span><strong>FAQ \u2013 najcz\u0119stsze pytania<\/strong><span class=\"ez-toc-section-end\"><\/span><\/h2>\n\n\n\n<p><strong>1. Jakie kamienie naturalne s\u0105 dobre na stres?<\/strong><br>Najcz\u0119\u015bciej wybierane s\u0105 kwarc dymny i kryszta\u0142 g\u00f3rski.<\/p>\n\n\n\n<p><strong>2. Czy bi\u017cuteria z kamieni naturalnych mo\u017ce wspiera\u0107 emocje?<\/strong><br>Tak, wiele os\u00f3b traktuje j\u0105 jako symbol wsparcia, spokoju i codziennej r\u00f3wnowagi.<\/p>\n\n\n\n<p><strong>3. Co lepiej wybra\u0107 na stres \u2014 bransoletk\u0119 czy naszyjnik?<\/strong><br>Bransoletka sprawdza si\u0119 jako codzienny talizman, a naszyjnik noszony blisko serca ma bardziej symboliczny wymiar.<\/p>\n\n\n\n<p><strong>4. Jak nosi\u0107 bi\u017cuteri\u0119 z kamieni naturalnych na stres?<\/strong><br>Najlepiej regularnie, jako element osobistej intencji.<\/p>\n\n\n\n<p><strong>5. Czy bi\u017cuteria z kamieni naturalnych to dobry prezent?<\/strong><br>Tak, to pi\u0119kny i znacz\u0105cy prezent, kt\u00f3ry \u0142\u0105czy symbolik\u0119, emocje i styl.<\/p>\n\n\n\n<hr class=\"wp-block-separator\"\/>\n\n\n\n<h2><span class=\"ez-toc-section\" id=\"Podsumowanie\"><\/span><strong>Podsumowanie<\/strong><span class=\"ez-toc-section-end\"><\/span><\/h2>\n\n\n\n<p><strong><a href=\"https:\/\/ecla.com.pl\/187-kamienie-naturalne?kamien=krysztal-gorski,kwarc-dymny&amp;order=product.date_add.desc\">Bi\u017cuteria z kamieni naturalnych na stres<\/a><\/strong> nie musi by\u0107 traktowana dos\u0142ownie jako \u201erozwi\u0105zanie problem\u00f3w\u201d. Ale mo\u017ce by\u0107 pi\u0119knym rytua\u0142em, symbolem wsparcia i codziennym przypomnieniem, by wraca\u0107 do siebie.<\/p>\n\n\n\n<p>Czasem w\u0142a\u015bnie ma\u0142y detal \u2014 <strong><a href=\"https:\/\/ecla.com.pl\/37-bransoletki-z-kamieniami-naturalnymi?kamien=krysztal-gorski,kwarc-dymny&amp;order=product.date_add.desc\">bransoletka z kamieni naturalnych na wyciszenie<\/a><\/strong>, <strong><a href=\"https:\/\/ecla.com.pl\/187-kamienie-naturalne?kamien=kwarc-dymny&amp;order=product.date_add.desc\">bi\u017cuteria z kwarcem dymnym<\/a><\/strong>, <strong><a href=\"https:\/\/ecla.com.pl\/187-kamienie-naturalne?kamien=krysztal-gorski&amp;order=product.date_add.desc\">bi\u017cuteria z kryszta\u0142em g\u00f3rskim<\/a><\/strong>,  \u2014 mo\u017ce sta\u0107 si\u0119 czym\u015b, co daje poczucie spokoju.<\/p>\n","protected":false},"excerpt":{"rendered":"<p>Stres, przebod\u017acowanie, napi\u0119cie, szybkie tempo \u017cycia i nadmiar obowi\u0105zk\u00f3w sprawiaj\u0105, \u017ce coraz cz\u0119\u015bciej szukamy ma\u0142ych rytua\u0142\u00f3w, kt\u00f3re pomagaj\u0105 odzyska\u0107 spok\u00f3j. W\u0142a\u015bnie dlatego ro\u015bnie zainteresowanie bi\u017cuteri\u0105 z kamieni naturalnych na stres, kt\u00f3ra \u0142\u0105czy estetyk\u0119, symbolik\u0119 i intencj\u0119. Dla wielu os\u00f3b bransoletka z kamieni naturalnych na stres lub naszyjnik z kamieni naturalnych na wyciszenie staj\u0105 si\u0119 czym\u015b wi\u0119cej ni\u017c ozdob\u0105 \u2014 s\u0105 codziennym wsparciem emocjonalnym. Bi\u017cuteria z kamieni naturalnych mo\u017ce towarzyszy\u0107 Ci przez ca\u0142y dzie\u0144 \u2014 w pracy, podczas trudnych rozm\u00f3w, w momentach napi\u0119cia i wtedy, gdy potrzebujesz wr\u00f3ci\u0107 do siebie. Kamienie takie jak kwarc dymny czy kryszta\u0142 g\u00f3rski od dawna kojarzone s\u0105 z r\u00f3wnowag\u0105, ugruntowaniem, spokojem i wsparciem emocjonalnym. Dlaczego bi\u017cuteria z kamieni naturalnych pomaga w stresie? Noszona blisko cia\u0142a bi\u017cuteria z kamieniami mo\u017ce pe\u0142ni\u0107 funkcj\u0119 symbolicznej kotwicy. Sam dotyk bransoletki, spojrzenie na naszyjnik czy \u015bwiadomo\u015b\u0107 intencji przypisanej bi\u017cuterii potrafi\u0105 dzia\u0142a\u0107 koj\u0105co. Bi\u017cuteria na stres jest wybierana, poniewa\u017c mo\u017ce wspiera\u0107: wyciszenie emocji, poczucie bezpiecze\u0144stwa, redukcj\u0119 napi\u0119cia, wi\u0119ksz\u0105 uwa\u017cno\u015b\u0107, budowanie osobistych rytua\u0142\u00f3w spokoju. Coraz wi\u0119cej kobiet wybiera bransoletki z kamieni naturalnych na stres, naszyjniki z kamieni na wyciszenie traktuj\u0105c j\u0105 jako element codziennego dobrostanu. Bi\u017cuteria z kamieni naturalnych wspieraj\u0105ca emocje Naszyjnik z kwarcem dymnym, granatem i hematytem &#8211; ugruntowanie i si\u0142a Wyj\u0105tkowy naszyjnik poz\u0142acany z kwarcem dymnym granatem i hematytem to doskona\u0142y przyk\u0142ad naszyjnika z kamieni naturalnych na stres i emocje. Kwarc dymny kojarzony jest z ugruntowaniem i redukcj\u0105 napi\u0119cia, dlatego cz\u0119sto wybieraj\u0105 go osoby \u017cyj\u0105ce pod presj\u0105. Granat symbolicznie wspiera si\u0142\u0119 wewn\u0119trzn\u0105 i odwag\u0119, a hematyt pomaga wraca\u0107 do r\u00f3wnowagi. To bi\u017cuteria z kwarcem dymnym na stres, kt\u00f3r\u0105 mo\u017cna nosi\u0107 ka\u017cdego dnia jako subtelny talizman spokoju. Delikatna forma sprawia, \u017ce naszyjnik \u015bwietnie komponuje si\u0119 z codzienn\u0105 garderob\u0105. To propozycja dla kobiet, kt\u00f3re chc\u0105 \u0142\u0105czy\u0107 elegancj\u0119 z symbolicznym znaczeniem. Bransoletka z kwarcem dymnym, malachitem, cytrynem i turmalinem \u2014 wsparcie w trudne dni Wyj\u0105tkowa bransoletka z kamieni naturalnych &#8211; kwarc dymny, turmalin, malachit to bardzo mocna energetycznie bransoletka z kamieni naturalnych na stres. Turmalin kojarzony jest z ochron\u0105, malachit z transformacj\u0105 emocji, cytryn z lekko\u015bci\u0105 i optymizmem, a kwarc dymny z uziemieniem. To jedna z tych bransoletek z minera\u0142ami, kt\u00f3re maj\u0105 wielowymiarowy charakter. Mo\u017cna traktowa\u0107 j\u0105 jako wsparcie w okresach napi\u0119cia, zmian lub emocjonalnego przeci\u0105\u017cenia. To r\u00f3wnie\u017c pi\u0119kna bi\u017cuteria z turmalinem i malachitem, kt\u00f3ra wyr\u00f3\u017cnia si\u0119 kolorystyk\u0105 i znaczeniem. Bransoletka z kwarcem dymnym, granatem i hematytem \u2014 stabilizacja emocjonalna Subtelna bransoletka z kwarcem dymnym, granatem i hematytem to propozycja dla os\u00f3b, kt\u00f3re szukaj\u0105 prostszej, ale bardzo znacz\u0105cej formy. To bransoletka z kwarcem dymnym na stres, kt\u00f3ra mo\u017ce wspiera\u0107 si\u0142\u0119 emocjonaln\u0105 i wi\u0119kszy spok\u00f3j. Po\u0142\u0105czenie granatu, hematytu i kwarcu dymnego sprawia, \u017ce ta bransoletka z kamieni naturalnych na wyciszenie doskonale wpisuje si\u0119 w ide\u0119 codziennego wsparcia. Jest minimalistyczna, elegancka i bardzo uniwersalna. Bransoletka z kryszta\u0142em g\u00f3rskim, morganitem i kunzytem \u2014 delikatno\u015b\u0107 dla emocji Pi\u0119kna bransoletka z kamieni naturalnych &#8211; kryszta\u0142 g\u00f3rski, morganit i kunzyt to niezwykle subtelna bransoletka z kamieni naturalnych na emocje. Morganit i kunzyt cz\u0119sto kojarzone s\u0105 z \u0142agodno\u015bci\u0105, czu\u0142o\u015bci\u0105 i wsparciem serca, a kryszta\u0142 g\u00f3rski harmonizuje energi\u0119. To idealna bi\u017cuteria z morganitem na stres, szczeg\u00f3lnie dla os\u00f3b wysoko wra\u017cliwych. Delikatna kolorystyka tej bransoletki dodatkowo dzia\u0142a koj\u0105co wizualnie. To pi\u0119kny wyb\u00f3r dla kobiet, kt\u00f3re szukaj\u0105 mi\u0119kkiej, wspieraj\u0105cej energii. Naszyjnik z morganitem, kryszta\u0142em g\u00f3rskim i per\u0142ami \u2014 harmonia i spok\u00f3j Elegancki naszyjnik kamienie naturalne kryszta\u0142 g\u00f3rski, morganit i per\u0142y to wyj\u0105tkowy naszyjnik z kamieni naturalnych na wyciszenie, kt\u00f3ry \u0142\u0105czy kilka bardzo harmonijnych energii. Morganit wspiera emocjonaln\u0105 mi\u0119kko\u015b\u0107, per\u0142y kojarzone s\u0105 ze spokojem, a kryszta\u0142 g\u00f3rski wzmacnia r\u00f3wnowag\u0119. To bi\u017cuteria, kt\u00f3ra doskonale sprawdzi si\u0119 jako codzienny naszyjnik dla os\u00f3b szukaj\u0105cych ukojenia. Jest subtelna, kobieca i bardzo sp\u00f3jna energetycznie. Naszyjnik z kryszta\u0142em g\u00f3rskim i rubinem \u2014 energia, kiedy stres odbiera si\u0142y Wyrazisty naszyjnik sznurkowy z kamieni naturalnych kryszta\u0142 g\u00f3rski i rubin to ciekawa propozycja, gdy stres nie objawia si\u0119 napi\u0119ciem, ale spadkiem energii. Rubin kojarzony jest z si\u0142\u0105 \u017cyciow\u0105 i odwag\u0105, a kryszta\u0142 g\u00f3rski wspiera klarowno\u015b\u0107. To naszyjnik, kt\u00f3ry mo\u017ce by\u0107 symbolicznym wsparciem, kiedy potrzebujesz odzyska\u0107 ogie\u0144 do dzia\u0142ania. To bardzo ciekawy balans pomi\u0119dzy spokojem, a moc\u0105. Jak wybra\u0107 bi\u017cuteri\u0119 z kamieni naturalnych na stres? Wybieraj\u0105c bi\u017cuteri\u0119 na stres i emocje, zwr\u00f3\u0107 uwag\u0119 na: kamienie, kt\u00f3rych symbolika rezonuje z Twoimi potrzebami, czy szukasz wyciszenia, ochrony czy energii, czy bli\u017csza jest Ci bransoletka z kamieni naturalnych, czy naszyjnik z minera\u0142ami, intuicj\u0119 \u2014 bardzo cz\u0119sto to ona prowadzi najlepiej. FAQ \u2013 najcz\u0119stsze pytania 1. Jakie kamienie naturalne s\u0105 dobre na stres?Najcz\u0119\u015bciej wybierane s\u0105 kwarc dymny i kryszta\u0142 g\u00f3rski. 2. Czy bi\u017cuteria z kamieni naturalnych mo\u017ce wspiera\u0107 emocje?Tak, wiele os\u00f3b traktuje j\u0105 jako symbol wsparcia, spokoju i codziennej r\u00f3wnowagi. 3. Co lepiej wybra\u0107 na stres \u2014 bransoletk\u0119 czy naszyjnik?Bransoletka sprawdza si\u0119 jako codzienny talizman, a naszyjnik noszony blisko serca ma bardziej symboliczny wymiar. 4. Jak nosi\u0107 bi\u017cuteri\u0119 z kamieni naturalnych na stres?Najlepiej regularnie, jako element osobistej intencji. 5. Czy bi\u017cuteria z kamieni naturalnych to dobry prezent?Tak, to pi\u0119kny i znacz\u0105cy prezent, kt\u00f3ry \u0142\u0105czy symbolik\u0119, emocje i styl. Podsumowanie Bi\u017cuteria z kamieni naturalnych na stres nie musi by\u0107 traktowana dos\u0142ownie jako \u201erozwi\u0105zanie problem\u00f3w\u201d. Ale mo\u017ce by\u0107 pi\u0119knym rytua\u0142em, symbolem wsparcia i codziennym przypomnieniem, by wraca\u0107 do siebie. Czasem w\u0142a\u015bnie ma\u0142y detal \u2014 bransoletka z kamieni naturalnych na wyciszenie, bi\u017cuteria z kwarcem dymnym, bi\u017cuteria z kryszta\u0142em g\u00f3rskim, \u2014 mo\u017ce sta\u0107 si\u0119 czym\u015b, co daje poczucie spokoju.<\/p>\n","protected":false},"author":14,"featured_media":2711,"comment_status":"closed","ping_status":"open","sticky":false,"template":"","format":"standard","meta":{"inline_featured_image":false},"categories":[11],"tags":[17,281,20,279,41,32,268,280,18,38,35,15],"yoast_head":"<!-- This site is optimized with the Yoast SEO plugin v18.8 - https:\/\/yoast.com\/wordpress\/plugins\/seo\/ -->\n<title>Bi\u017cuteria z kamieni naturalnych na stres \u2014 jak bi\u017cuteria wspiera Twoje emocje - Ecla - Blog<\/title>\n<meta name=\"description\" content=\"Jak bi\u017cuteria z kamieni naturalnych wspiera emocje? Odkryj bransoletki i naszyjniki na stres, wyciszenie i spok\u00f3j.\" \/>\n<meta name=\"robots\" content=\"index, follow, max-snippet:-1, max-image-preview:large, max-video-preview:-1\" \/>\n<link rel=\"canonical\" href=\"https:\/\/ecla.com.pl\/blog\/bizuteria-z-kamieni-naturalnych-na-stres-i-wyciszenie.html\" \/>\n<meta property=\"og:locale\" content=\"pl_PL\" \/>\n<meta property=\"og:type\" content=\"article\" \/>\n<meta property=\"og:title\" content=\"Bi\u017cuteria z kamieni naturalnych na stres \u2014 jak bi\u017cuteria wspiera Twoje emocje - Ecla - Blog\" \/>\n<meta property=\"og:description\" content=\"Jak bi\u017cuteria z kamieni naturalnych wspiera emocje? Odkryj bransoletki i naszyjniki na stres, wyciszenie i spok\u00f3j.\" \/>\n<meta property=\"og:url\" content=\"https:\/\/ecla.com.pl\/blog\/bizuteria-z-kamieni-naturalnych-na-stres-i-wyciszenie.html\" \/>\n<meta property=\"og:site_name\" content=\"Ecla - Blog\" \/>\n<meta property=\"article:publisher\" content=\"https:\/\/www.facebook.com\/ecla.bizuteria\/\" \/>\n<meta property=\"article:published_time\" content=\"2026-04-21T15:00:00+00:00\" \/>\n<meta property=\"article:modified_time\" content=\"2026-04-20T11:55:27+00:00\" \/>\n<meta property=\"og:image\" content=\"https:\/\/ecla.com.pl\/blog\/wp-content\/uploads\/2026\/04\/blog-miniaturki-12.png\" \/>\n\t<meta property=\"og:image:width\" content=\"800\" \/>\n\t<meta property=\"og:image:height\" content=\"662\" \/>\n\t<meta property=\"og:image:type\" content=\"image\/png\" \/>\n<meta name=\"twitter:card\" content=\"summary_large_image\" \/>\n<meta name=\"twitter:label1\" content=\"Written by\" \/>\n\t<meta name=\"twitter:data1\" content=\"Urszula Lisowska\" \/>\n\t<meta name=\"twitter:label2\" content=\"Est. reading time\" \/>\n\t<meta name=\"twitter:data2\" content=\"7 minut\" \/>\n<script type=\"application\/ld+json\" class=\"yoast-schema-graph\">{\"@context\":\"https:\/\/schema.org\",\"@graph\":[{\"@type\":\"Organization\",\"@id\":\"https:\/\/ecla.com.pl\/blog\/#organization\",\"name\":\"Ecla.pl\",\"url\":\"https:\/\/ecla.com.pl\/blog\/\",\"sameAs\":[\"https:\/\/www.facebook.com\/ecla.bizuteria\/\",\"https:\/\/www.instagram.com\/ecla.pl\/\"],\"logo\":{\"@type\":\"ImageObject\",\"inLanguage\":\"pl-PL\",\"@id\":\"https:\/\/ecla.com.pl\/blog\/#\/schema\/logo\/image\/\",\"url\":\"https:\/\/ecla.com.pl\/blog\/wp-content\/uploads\/2022\/04\/logo-_1_.svg\",\"contentUrl\":\"https:\/\/ecla.com.pl\/blog\/wp-content\/uploads\/2022\/04\/logo-_1_.svg\",\"width\":3830,\"height\":1407,\"caption\":\"Ecla.pl\"},\"image\":{\"@id\":\"https:\/\/ecla.com.pl\/blog\/#\/schema\/logo\/image\/\"}},{\"@type\":\"WebSite\",\"@id\":\"https:\/\/ecla.com.pl\/blog\/#website\",\"url\":\"https:\/\/ecla.com.pl\/blog\/\",\"name\":\"Ecla - Blog\",\"description\":\"Blog\",\"publisher\":{\"@id\":\"https:\/\/ecla.com.pl\/blog\/#organization\"},\"potentialAction\":[{\"@type\":\"SearchAction\",\"target\":{\"@type\":\"EntryPoint\",\"urlTemplate\":\"https:\/\/ecla.com.pl\/blog\/?s={search_term_string}\"},\"query-input\":\"required name=search_term_string\"}],\"inLanguage\":\"pl-PL\"},{\"@type\":\"ImageObject\",\"inLanguage\":\"pl-PL\",\"@id\":\"https:\/\/ecla.com.pl\/blog\/bizuteria-z-kamieni-naturalnych-na-stres-i-wyciszenie.html#primaryimage\",\"url\":\"https:\/\/ecla.com.pl\/blog\/wp-content\/uploads\/2026\/04\/blog-miniaturki-12.png\",\"contentUrl\":\"https:\/\/ecla.com.pl\/blog\/wp-content\/uploads\/2026\/04\/blog-miniaturki-12.png\",\"width\":800,\"height\":662},{\"@type\":\"WebPage\",\"@id\":\"https:\/\/ecla.com.pl\/blog\/bizuteria-z-kamieni-naturalnych-na-stres-i-wyciszenie.html#webpage\",\"url\":\"https:\/\/ecla.com.pl\/blog\/bizuteria-z-kamieni-naturalnych-na-stres-i-wyciszenie.html\",\"name\":\"Bi\u017cuteria z kamieni naturalnych na stres \u2014 jak bi\u017cuteria wspiera Twoje emocje - Ecla - Blog\",\"isPartOf\":{\"@id\":\"https:\/\/ecla.com.pl\/blog\/#website\"},\"primaryImageOfPage\":{\"@id\":\"https:\/\/ecla.com.pl\/blog\/bizuteria-z-kamieni-naturalnych-na-stres-i-wyciszenie.html#primaryimage\"},\"datePublished\":\"2026-04-21T15:00:00+00:00\",\"dateModified\":\"2026-04-20T11:55:27+00:00\",\"description\":\"Jak bi\u017cuteria z kamieni naturalnych wspiera emocje? Odkryj bransoletki i naszyjniki na stres, wyciszenie i spok\u00f3j.\",\"breadcrumb\":{\"@id\":\"https:\/\/ecla.com.pl\/blog\/bizuteria-z-kamieni-naturalnych-na-stres-i-wyciszenie.html#breadcrumb\"},\"inLanguage\":\"pl-PL\",\"potentialAction\":[{\"@type\":\"ReadAction\",\"target\":[\"https:\/\/ecla.com.pl\/blog\/bizuteria-z-kamieni-naturalnych-na-stres-i-wyciszenie.html\"]}]},{\"@type\":\"BreadcrumbList\",\"@id\":\"https:\/\/ecla.com.pl\/blog\/bizuteria-z-kamieni-naturalnych-na-stres-i-wyciszenie.html#breadcrumb\",\"itemListElement\":[{\"@type\":\"ListItem\",\"position\":1,\"name\":\"Blog\",\"item\":\"https:\/\/ecla.com.pl\/blog\/\"},{\"@type\":\"ListItem\",\"position\":2,\"name\":\"Bi\u017cuteria z kamieni naturalnych na stres \u2014 jak bi\u017cuteria wspiera Twoje emocje\"}]},{\"@type\":\"Article\",\"@id\":\"https:\/\/ecla.com.pl\/blog\/bizuteria-z-kamieni-naturalnych-na-stres-i-wyciszenie.html#article\",\"isPartOf\":{\"@id\":\"https:\/\/ecla.com.pl\/blog\/bizuteria-z-kamieni-naturalnych-na-stres-i-wyciszenie.html#webpage\"},\"author\":{\"@id\":\"https:\/\/ecla.com.pl\/blog\/#\/schema\/person\/764ee9c9be78e6ca56ac7a0f3369f714\"},\"headline\":\"Bi\u017cuteria z kamieni naturalnych na stres \u2014 jak bi\u017cuteria wspiera Twoje emocje\",\"datePublished\":\"2026-04-21T15:00:00+00:00\",\"dateModified\":\"2026-04-20T11:55:27+00:00\",\"mainEntityOfPage\":{\"@id\":\"https:\/\/ecla.com.pl\/blog\/bizuteria-z-kamieni-naturalnych-na-stres-i-wyciszenie.html#webpage\"},\"wordCount\":1105,\"publisher\":{\"@id\":\"https:\/\/ecla.com.pl\/blog\/#organization\"},\"image\":{\"@id\":\"https:\/\/ecla.com.pl\/blog\/bizuteria-z-kamieni-naturalnych-na-stres-i-wyciszenie.html#primaryimage\"},\"thumbnailUrl\":\"https:\/\/ecla.com.pl\/blog\/wp-content\/uploads\/2026\/04\/blog-miniaturki-12.png\",\"keywords\":[\"bi\u017cuteria\",\"bi\u017cuteria na stres\",\"bransoletka\",\"emocje\",\"kamienie naturalne\",\"kolczyki\",\"kryszta\u0142 g\u00f3rski\",\"kwarc dymny\",\"moda\",\"naszyjnik\",\"prezent\",\"srebrna bi\u017cuteria\"],\"articleSection\":[\"Wiedza o bi\u017cuterii\"],\"inLanguage\":\"pl-PL\"},{\"@type\":\"Person\",\"@id\":\"https:\/\/ecla.com.pl\/blog\/#\/schema\/person\/764ee9c9be78e6ca56ac7a0f3369f714\",\"name\":\"Urszula Lisowska\",\"image\":{\"@type\":\"ImageObject\",\"inLanguage\":\"pl-PL\",\"@id\":\"https:\/\/ecla.com.pl\/blog\/#\/schema\/person\/image\/\",\"url\":\"https:\/\/secure.gravatar.com\/avatar\/945c2867f3de3ddbc2672c756645a334?s=96&d=mm&r=g\",\"contentUrl\":\"https:\/\/secure.gravatar.com\/avatar\/945c2867f3de3ddbc2672c756645a334?s=96&d=mm&r=g\",\"caption\":\"Urszula Lisowska\"},\"url\":\"https:\/\/ecla.com.pl\/blog\/author\/urszula-lisowska\"}]}<\/script>\n<!-- \/ Yoast SEO plugin. -->","yoast_head_json":{"title":"Bi\u017cuteria z kamieni naturalnych na stres \u2014 jak bi\u017cuteria wspiera Twoje emocje - Ecla - Blog","description":"Jak bi\u017cuteria z kamieni naturalnych wspiera emocje? Odkryj bransoletki i naszyjniki na stres, wyciszenie i spok\u00f3j.","robots":{"index":"index","follow":"follow","max-snippet":"max-snippet:-1","max-image-preview":"max-image-preview:large","max-video-preview":"max-video-preview:-1"},"canonical":"https:\/\/ecla.com.pl\/blog\/bizuteria-z-kamieni-naturalnych-na-stres-i-wyciszenie.html","og_locale":"pl_PL","og_type":"article","og_title":"Bi\u017cuteria z kamieni naturalnych na stres \u2014 jak bi\u017cuteria wspiera Twoje emocje - Ecla - Blog","og_description":"Jak bi\u017cuteria z kamieni naturalnych wspiera emocje? Odkryj bransoletki i naszyjniki na stres, wyciszenie i spok\u00f3j.","og_url":"https:\/\/ecla.com.pl\/blog\/bizuteria-z-kamieni-naturalnych-na-stres-i-wyciszenie.html","og_site_name":"Ecla - Blog","article_publisher":"https:\/\/www.facebook.com\/ecla.bizuteria\/","article_published_time":"2026-04-21T15:00:00+00:00","article_modified_time":"2026-04-20T11:55:27+00:00","og_image":[{"width":800,"height":662,"url":"https:\/\/ecla.com.pl\/blog\/wp-content\/uploads\/2026\/04\/blog-miniaturki-12.png","type":"image\/png"}],"twitter_card":"summary_large_image","twitter_misc":{"Written by":"Urszula Lisowska","Est. reading time":"7 minut"},"schema":{"@context":"https:\/\/schema.org","@graph":[{"@type":"Organization","@id":"https:\/\/ecla.com.pl\/blog\/#organization","name":"Ecla.pl","url":"https:\/\/ecla.com.pl\/blog\/","sameAs":["https:\/\/www.facebook.com\/ecla.bizuteria\/","https:\/\/www.instagram.com\/ecla.pl\/"],"logo":{"@type":"ImageObject","inLanguage":"pl-PL","@id":"https:\/\/ecla.com.pl\/blog\/#\/schema\/logo\/image\/","url":"https:\/\/ecla.com.pl\/blog\/wp-content\/uploads\/2022\/04\/logo-_1_.svg","contentUrl":"https:\/\/ecla.com.pl\/blog\/wp-content\/uploads\/2022\/04\/logo-_1_.svg","width":3830,"height":1407,"caption":"Ecla.pl"},"image":{"@id":"https:\/\/ecla.com.pl\/blog\/#\/schema\/logo\/image\/"}},{"@type":"WebSite","@id":"https:\/\/ecla.com.pl\/blog\/#website","url":"https:\/\/ecla.com.pl\/blog\/","name":"Ecla - Blog","description":"Blog","publisher":{"@id":"https:\/\/ecla.com.pl\/blog\/#organization"},"potentialAction":[{"@type":"SearchAction","target":{"@type":"EntryPoint","urlTemplate":"https:\/\/ecla.com.pl\/blog\/?s={search_term_string}"},"query-input":"required name=search_term_string"}],"inLanguage":"pl-PL"},{"@type":"ImageObject","inLanguage":"pl-PL","@id":"https:\/\/ecla.com.pl\/blog\/bizuteria-z-kamieni-naturalnych-na-stres-i-wyciszenie.html#primaryimage","url":"https:\/\/ecla.com.pl\/blog\/wp-content\/uploads\/2026\/04\/blog-miniaturki-12.png","contentUrl":"https:\/\/ecla.com.pl\/blog\/wp-content\/uploads\/2026\/04\/blog-miniaturki-12.png","width":800,"height":662},{"@type":"WebPage","@id":"https:\/\/ecla.com.pl\/blog\/bizuteria-z-kamieni-naturalnych-na-stres-i-wyciszenie.html#webpage","url":"https:\/\/ecla.com.pl\/blog\/bizuteria-z-kamieni-naturalnych-na-stres-i-wyciszenie.html","name":"Bi\u017cuteria z kamieni naturalnych na stres \u2014 jak bi\u017cuteria wspiera Twoje emocje - Ecla - Blog","isPartOf":{"@id":"https:\/\/ecla.com.pl\/blog\/#website"},"primaryImageOfPage":{"@id":"https:\/\/ecla.com.pl\/blog\/bizuteria-z-kamieni-naturalnych-na-stres-i-wyciszenie.html#primaryimage"},"datePublished":"2026-04-21T15:00:00+00:00","dateModified":"2026-04-20T11:55:27+00:00","description":"Jak bi\u017cuteria z kamieni naturalnych wspiera emocje? Odkryj bransoletki i naszyjniki na stres, wyciszenie i spok\u00f3j.","breadcrumb":{"@id":"https:\/\/ecla.com.pl\/blog\/bizuteria-z-kamieni-naturalnych-na-stres-i-wyciszenie.html#breadcrumb"},"inLanguage":"pl-PL","potentialAction":[{"@type":"ReadAction","target":["https:\/\/ecla.com.pl\/blog\/bizuteria-z-kamieni-naturalnych-na-stres-i-wyciszenie.html"]}]},{"@type":"BreadcrumbList","@id":"https:\/\/ecla.com.pl\/blog\/bizuteria-z-kamieni-naturalnych-na-stres-i-wyciszenie.html#breadcrumb","itemListElement":[{"@type":"ListItem","position":1,"name":"Blog","item":"https:\/\/ecla.com.pl\/blog\/"},{"@type":"ListItem","position":2,"name":"Bi\u017cuteria z kamieni naturalnych na stres \u2014 jak bi\u017cuteria wspiera Twoje emocje"}]},{"@type":"Article","@id":"https:\/\/ecla.com.pl\/blog\/bizuteria-z-kamieni-naturalnych-na-stres-i-wyciszenie.html#article","isPartOf":{"@id":"https:\/\/ecla.com.pl\/blog\/bizuteria-z-kamieni-naturalnych-na-stres-i-wyciszenie.html#webpage"},"author":{"@id":"https:\/\/ecla.com.pl\/blog\/#\/schema\/person\/764ee9c9be78e6ca56ac7a0f3369f714"},"headline":"Bi\u017cuteria z kamieni naturalnych na stres \u2014 jak bi\u017cuteria wspiera Twoje emocje","datePublished":"2026-04-21T15:00:00+00:00","dateModified":"2026-04-20T11:55:27+00:00","mainEntityOfPage":{"@id":"https:\/\/ecla.com.pl\/blog\/bizuteria-z-kamieni-naturalnych-na-stres-i-wyciszenie.html#webpage"},"wordCount":1105,"publisher":{"@id":"https:\/\/ecla.com.pl\/blog\/#organization"},"image":{"@id":"https:\/\/ecla.com.pl\/blog\/bizuteria-z-kamieni-naturalnych-na-stres-i-wyciszenie.html#primaryimage"},"thumbnailUrl":"https:\/\/ecla.com.pl\/blog\/wp-content\/uploads\/2026\/04\/blog-miniaturki-12.png","keywords":["bi\u017cuteria","bi\u017cuteria na stres","bransoletka","emocje","kamienie naturalne","kolczyki","kryszta\u0142 g\u00f3rski","kwarc dymny","moda","naszyjnik","prezent","srebrna bi\u017cuteria"],"articleSection":["Wiedza o bi\u017cuterii"],"inLanguage":"pl-PL"},{"@type":"Person","@id":"https:\/\/ecla.com.pl\/blog\/#\/schema\/person\/764ee9c9be78e6ca56ac7a0f3369f714","name":"Urszula Lisowska","image":{"@type":"ImageObject","inLanguage":"pl-PL","@id":"https:\/\/ecla.com.pl\/blog\/#\/schema\/person\/image\/","url":"https:\/\/secure.gravatar.com\/avatar\/945c2867f3de3ddbc2672c756645a334?s=96&d=mm&r=g","contentUrl":"https:\/\/secure.gravatar.com\/avatar\/945c2867f3de3ddbc2672c756645a334?s=96&d=mm&r=g","caption":"Urszula Lisowska"},"url":"https:\/\/ecla.com.pl\/blog\/author\/urszula-lisowska"}]}},"_links":{"self":[{"href":"https:\/\/ecla.com.pl\/blog\/wp-json\/wp\/v2\/posts\/2710"}],"collection":[{"href":"https:\/\/ecla.com.pl\/blog\/wp-json\/wp\/v2\/posts"}],"about":[{"href":"https:\/\/ecla.com.pl\/blog\/wp-json\/wp\/v2\/types\/post"}],"author":[{"embeddable":true,"href":"https:\/\/ecla.com.pl\/blog\/wp-json\/wp\/v2\/users\/14"}],"replies":[{"embeddable":true,"href":"https:\/\/ecla.com.pl\/blog\/wp-json\/wp\/v2\/comments?post=2710"}],"version-history":[{"count":2,"href":"https:\/\/ecla.com.pl\/blog\/wp-json\/wp\/v2\/posts\/2710\/revisions"}],"predecessor-version":[{"id":2720,"href":"https:\/\/ecla.com.pl\/blog\/wp-json\/wp\/v2\/posts\/2710\/revisions\/2720"}],"wp:featuredmedia":[{"embeddable":true,"href":"https:\/\/ecla.com.pl\/blog\/wp-json\/wp\/v2\/media\/2711"}],"wp:attachment":[{"href":"https:\/\/ecla.com.pl\/blog\/wp-json\/wp\/v2\/media?parent=2710"}],"wp:term":[{"taxonomy":"category","embeddable":true,"href":"https:\/\/ecla.com.pl\/blog\/wp-json\/wp\/v2\/categories?post=2710"},{"taxonomy":"post_tag","embeddable":true,"href":"https:\/\/ecla.com.pl\/blog\/wp-json\/wp\/v2\/tags?post=2710"}],"curies":[{"name":"wp","href":"https:\/\/api.w.org\/{rel}","templated":true}]}}